{"id":15041,"date":"2026-03-06T08:32:38","date_gmt":"2026-03-06T07:32:38","guid":{"rendered":"https:\/\/remundag.ch\/?p=15041"},"modified":"2026-03-06T08:32:40","modified_gmt":"2026-03-06T07:32:40","slug":"fruehlingsaktion-jetzt-15-rabatt-sichern","status":"publish","type":"post","link":"https:\/\/remundag.ch\/fr\/2026\/03\/06\/fruehlingsaktion-jetzt-15-rabatt-sichern\/","title":{"rendered":"OFFRE SP\u00c9CIALE PRINTEMPS \u2013 B\u00c9N\u00c9FICIEZ MAINTENANT DE 15 % DE R\u00c9DUCTION !"},"content":{"rendered":"<div style=\"height:53px\" aria-hidden=\"true\" class=\"wp-block-spacer\"><\/div>\n\n\n\n<p>Le printemps est le moment id\u00e9al pour changer de look. Profitez d\u00e8s maintenant de notre offre sp\u00e9ciale printemps et b\u00e9n\u00e9ficiez de 15 % de r\u00e9duction sur tous les textiles, impression et broderie comprises.<\/p>\n\n\n\n<p>Valable pour toutes les commandes pass\u00e9es avant le 30\/06\/2026.<\/p>\n\n\n\n<p><strong><a href=\"https:\/\/remundag.ch\/fr\/rabatt\/\" data-type=\"page\" data-id=\"14959\">Vers l'offre<\/a><\/strong><\/p>\n\n\n\n<p><\/p>","protected":false},"excerpt":{"rendered":"<p>Der Fr\u00fchling ist die perfekte Zeit f\u00fcr einen neuen Auftritt. Nutzen Sie jetzt unsere Fr\u00fchlingsaktion und profitieren Sie von 15% Rabatt auf alle Textilien \u2013 inklusive Druck und Stickerei. G\u00fcltig f\u00fcr alle Bestellungen bis zum 30.06.2026. Zum Angebot<\/p>","protected":false},"author":4,"featured_media":15039,"comment_status":"closed","ping_status":"open","sticky":false,"template":"","format":"standard","meta":{"om_disable_all_campaigns":false,"inline_featured_image":false,"_uf_show_specific_survey":0,"_uf_disable_surveys":false,"footnotes":""},"categories":[1],"tags":[],"class_list":["post-15041","post","type-post","status-publish","format-standard","has-post-thumbnail","hentry","category-news-beitraege"],"_links":{"self":[{"href":"https:\/\/remundag.ch\/fr\/wp-json\/wp\/v2\/posts\/15041","targetHints":{"allow":["GET"]}}],"collection":[{"href":"https:\/\/remundag.ch\/fr\/wp-json\/wp\/v2\/posts"}],"about":[{"href":"https:\/\/remundag.ch\/fr\/wp-json\/wp\/v2\/types\/post"}],"author":[{"embeddable":true,"href":"https:\/\/remundag.ch\/fr\/wp-json\/wp\/v2\/users\/4"}],"replies":[{"embeddable":true,"href":"https:\/\/remundag.ch\/fr\/wp-json\/wp\/v2\/comments?post=15041"}],"version-history":[{"count":2,"href":"https:\/\/remundag.ch\/fr\/wp-json\/wp\/v2\/posts\/15041\/revisions"}],"predecessor-version":[{"id":15043,"href":"https:\/\/remundag.ch\/fr\/wp-json\/wp\/v2\/posts\/15041\/revisions\/15043"}],"wp:featuredmedia":[{"embeddable":true,"href":"https:\/\/remundag.ch\/fr\/wp-json\/wp\/v2\/media\/15039"}],"wp:attachment":[{"href":"https:\/\/remundag.ch\/fr\/wp-json\/wp\/v2\/media?parent=15041"}],"wp:term":[{"taxonomy":"category","embeddable":true,"href":"https:\/\/remundag.ch\/fr\/wp-json\/wp\/v2\/categories?post=15041"},{"taxonomy":"post_tag","embeddable":true,"href":"https:\/\/remundag.ch\/fr\/wp-json\/wp\/v2\/tags?post=15041"}],"curies":[{"name":"wp","href":"https:\/\/api.w.org\/{rel}","templated":true}]}}