{"id":14775,"date":"2025-10-28T16:34:15","date_gmt":"2025-10-28T15:34:15","guid":{"rendered":"https:\/\/remundag.ch\/?p=14775"},"modified":"2025-10-28T16:45:49","modified_gmt":"2025-10-28T15:45:49","slug":"remund-crew-in-action","status":"publish","type":"post","link":"https:\/\/remundag.ch\/fr\/2025\/10\/28\/remund-crew-in-action\/","title":{"rendered":"Remund Crew en action"},"content":{"rendered":"<p>Nous avons eu le plaisir de r\u00e9aliser deux habillages complets de bus pour notre client Media F. Les v\u00e9hicules fra\u00eechement d\u00e9cor\u00e9s circulent d\u00e8s \u00e0 pr\u00e9sent sur le r\u00e9seau TPF et attirent l'attention sur le nouveau complexe immobilier \u00ab Impasse de Champ-Riond \u00bb \u00e0 Matran.<\/p>\n\n\n\n<p>L'habillage des bus a \u00e9t\u00e9 r\u00e9alis\u00e9 pendant un week-end au d\u00e9p\u00f4t de Givisiez. Gr\u00e2ce \u00e0 un travail d'\u00e9quipe parfait, tout a pu \u00eatre mis en place dans les d\u00e9lais impartis.<\/p>\n\n\n\n<p>Nous souhaitons bonne route !<\/p>\n\n\n\n<figure class=\"wp-block-embed is-type-video is-provider-youtube wp-block-embed-youtube wp-embed-aspect-16-9 wp-has-aspect-ratio\"><div class=\"wp-block-embed__wrapper\">\n<iframe title=\"Fullbranding Bus Media F\" width=\"800\" height=\"450\" src=\"https:\/\/www.youtube.com\/embed\/ETMPmbzSnew?feature=oembed\" frameborder=\"0\" allow=\"accelerometer; autoplay; clipboard-write; encrypted-media; gyroscope; picture-in-picture; web-share\" referrerpolicy=\"strict-origin-when-cross-origin\" allowfullscreen><\/iframe>\n<\/div><\/figure>","protected":false},"excerpt":{"rendered":"<p>F\u00fcr unseren Kunden Media F durften wir gleich zwei Bus-Fullbrandings realisieren. Die frisch beschrifteten Fahrzeuge sind ab sofort auf dem TPF-Streckennetz unterwegs und machen aufmerksam auf die neue \u00dcberbauung &#8222;Impasse de Champ-Riond&#8220; in Matran. Die Beklebung der Busse erfolgte w\u00e4hrend eines Wochenendes im Depot Givisiez \u2013 dank perfekter Teamarbeit konnte alles termingerecht umgesetzt werden. Wir [&hellip;]<\/p>\n","protected":false},"author":4,"featured_media":14774,"comment_status":"closed","ping_status":"open","sticky":false,"template":"","format":"standard","meta":{"om_disable_all_campaigns":false,"inline_featured_image":false,"_uf_show_specific_survey":0,"_uf_disable_surveys":false,"footnotes":""},"categories":[1],"tags":[],"class_list":["post-14775","post","type-post","status-publish","format-standard","has-post-thumbnail","hentry","category-news-beitraege"],"_links":{"self":[{"href":"https:\/\/remundag.ch\/fr\/wp-json\/wp\/v2\/posts\/14775","targetHints":{"allow":["GET"]}}],"collection":[{"href":"https:\/\/remundag.ch\/fr\/wp-json\/wp\/v2\/posts"}],"about":[{"href":"https:\/\/remundag.ch\/fr\/wp-json\/wp\/v2\/types\/post"}],"author":[{"embeddable":true,"href":"https:\/\/remundag.ch\/fr\/wp-json\/wp\/v2\/users\/4"}],"replies":[{"embeddable":true,"href":"https:\/\/remundag.ch\/fr\/wp-json\/wp\/v2\/comments?post=14775"}],"version-history":[{"count":2,"href":"https:\/\/remundag.ch\/fr\/wp-json\/wp\/v2\/posts\/14775\/revisions"}],"predecessor-version":[{"id":14779,"href":"https:\/\/remundag.ch\/fr\/wp-json\/wp\/v2\/posts\/14775\/revisions\/14779"}],"wp:featuredmedia":[{"embeddable":true,"href":"https:\/\/remundag.ch\/fr\/wp-json\/wp\/v2\/media\/14774"}],"wp:attachment":[{"href":"https:\/\/remundag.ch\/fr\/wp-json\/wp\/v2\/media?parent=14775"}],"wp:term":[{"taxonomy":"category","embeddable":true,"href":"https:\/\/remundag.ch\/fr\/wp-json\/wp\/v2\/categories?post=14775"},{"taxonomy":"post_tag","embeddable":true,"href":"https:\/\/remundag.ch\/fr\/wp-json\/wp\/v2\/tags?post=14775"}],"curies":[{"name":"wp","href":"https:\/\/api.w.org\/{rel}","templated":true}]}}