{"id":14619,"date":"2025-07-28T09:43:08","date_gmt":"2025-07-28T07:43:08","guid":{"rendered":"https:\/\/remundag.ch\/?p=14619"},"modified":"2025-07-28T09:46:44","modified_gmt":"2025-07-28T07:46:44","slug":"ein-weiterer-helikopter-verlaesst-das-remund-gelaende","status":"publish","type":"post","link":"https:\/\/remundag.ch\/fr\/2025\/07\/28\/ein-weiterer-helikopter-verlaesst-das-remund-gelaende\/","title":{"rendered":"Un autre h\u00e9licopt\u00e8re quitte le site Remund"},"content":{"rendered":"<p>Un autre h\u00e9licopt\u00e8re a quitt\u00e9 les ateliers de Remund AG \u2013 enti\u00e8rement r\u00e9nov\u00e9, fra\u00eechement repeint et dot\u00e9 d'un marquage professionnel. Apr\u00e8s une peinture minutieuse et un marquage d\u00e9taill\u00e9, l'appareil brille d'un nouvel \u00e9clat.<\/p>\n\n\n\n<p>Remund AG r\u00e9unit sous un m\u00eame toit la carrosserie et la technique publicitaire : toutes les \u00e9tapes de travail sont planifi\u00e9es et ex\u00e9cut\u00e9es en interne, puis coordonn\u00e9es par un interlocuteur central. Il en r\u00e9sulte des processus efficaces, des voies de communication courtes et des r\u00e9sultats de la plus haute qualit\u00e9.<\/p>\n\n\n\n<p>Les projets de ce type n\u00e9cessitent des conditions particuli\u00e8res, telles qu'un espace suffisant pour atterrir et d\u00e9coller en toute s\u00e9curit\u00e9. Le site de Remund AG r\u00e9pond \u00e0 ces exigences. Les pales du rotor sont d\u00e9mont\u00e9es de mani\u00e8re professionnelle par des sp\u00e9cialistes, stock\u00e9es en toute s\u00e9curit\u00e9 et remont\u00e9es une fois tous les travaux termin\u00e9s.<\/p>\n\n\n\n<p>De telles missions sp\u00e9ciales n\u00e9cessitent une collaboration \u00e9troite entre les \u00e9quipes de la carrosserie et de la technique publicitaire \u2013 chez Remund, cela se fait main dans la main.<\/p>\n\n\n\n<p>Nous remercions chaleureusement <strong>Airport Helicopter AHB AG<\/strong> pour la confiance qu'elle nous accorde et pour cette commande passionnante.<\/p>\n\n\n\n<p><br><strong>Nous vous souhaitons un bon vol \u00e0 tout moment !<\/strong><\/p>\n\n\n\n<figure class=\"wp-block-gallery has-nested-images columns-default is-cropped wp-block-gallery-1 is-layout-flex wp-block-gallery-is-layout-flex\">\n<figure class=\"wp-block-image size-large\"><img fetchpriority=\"high\" decoding=\"async\" width=\"1024\" height=\"576\" data-id=\"14618\" src=\"https:\/\/remundag.ch\/wp-content\/uploads\/2025\/07\/Heli-min-1024x576.jpg\" alt=\"\" class=\"wp-image-14618\" srcset=\"https:\/\/remundag.ch\/wp-content\/uploads\/2025\/07\/Heli-min-1024x576.jpg 1024w, https:\/\/remundag.ch\/wp-content\/uploads\/2025\/07\/Heli-min-300x169.jpg 300w, https:\/\/remundag.ch\/wp-content\/uploads\/2025\/07\/Heli-min-768x432.jpg 768w, https:\/\/remundag.ch\/wp-content\/uploads\/2025\/07\/Heli-min-1536x864.jpg 1536w, https:\/\/remundag.ch\/wp-content\/uploads\/2025\/07\/Heli-min-18x10.jpg 18w, https:\/\/remundag.ch\/wp-content\/uploads\/2025\/07\/Heli-min.jpg 1920w\" sizes=\"(max-width: 1024px) 100vw, 1024px\" \/><\/figure>\n\n\n\n<figure class=\"wp-block-image size-large\"><img decoding=\"async\" width=\"1024\" height=\"576\" data-id=\"14617\" src=\"https:\/\/remundag.ch\/wp-content\/uploads\/2025\/07\/Heli1-min-1024x576.jpg\" alt=\"\" class=\"wp-image-14617\" srcset=\"https:\/\/remundag.ch\/wp-content\/uploads\/2025\/07\/Heli1-min-1024x576.jpg 1024w, https:\/\/remundag.ch\/wp-content\/uploads\/2025\/07\/Heli1-min-300x169.jpg 300w, https:\/\/remundag.ch\/wp-content\/uploads\/2025\/07\/Heli1-min-768x432.jpg 768w, https:\/\/remundag.ch\/wp-content\/uploads\/2025\/07\/Heli1-min-1536x864.jpg 1536w, https:\/\/remundag.ch\/wp-content\/uploads\/2025\/07\/Heli1-min-18x10.jpg 18w, https:\/\/remundag.ch\/wp-content\/uploads\/2025\/07\/Heli1-min.jpg 1920w\" sizes=\"(max-width: 1024px) 100vw, 1024px\" \/><\/figure>\n<\/figure>\n\n\n\n<figure class=\"wp-block-embed is-type-video is-provider-youtube wp-block-embed-youtube wp-embed-aspect-4-3 wp-has-aspect-ratio\"><div class=\"wp-block-embed__wrapper\">\n<iframe title=\"Helikopter verl\u00e4sst Remund Gel\u00e4nde\" width=\"800\" height=\"600\" src=\"https:\/\/www.youtube.com\/embed\/VmHu3qzdSs8?feature=oembed\" frameborder=\"0\" allow=\"accelerometer; autoplay; clipboard-write; encrypted-media; gyroscope; picture-in-picture; web-share\" referrerpolicy=\"strict-origin-when-cross-origin\" allowfullscreen><\/iframe>\n<\/div><\/figure>","protected":false},"excerpt":{"rendered":"<p>Ein weiterer Helikopter hat die Werkhallen der Remund AG verlassen \u2013 rundum erneuert, frisch lackiert und professionell beschriftet. Nach einer aufw\u00e4ndigen Neulackierung und detailgenauen Beschriftungsarbeiten pr\u00e4sentiert sich das Flugger\u00e4t in neuem Glanz. Die Remund AG vereint Carrosserie und Werbetechnik unter einem Dach \u2013 alle Arbeitsschritte werden intern geplant, ausgef\u00fchrt und durch eine zentrale Ansprechperson koordiniert. [&hellip;]<\/p>\n","protected":false},"author":4,"featured_media":14623,"comment_status":"closed","ping_status":"open","sticky":false,"template":"","format":"standard","meta":{"om_disable_all_campaigns":false,"inline_featured_image":false,"_uf_show_specific_survey":0,"_uf_disable_surveys":false,"footnotes":""},"categories":[1],"tags":[],"class_list":["post-14619","post","type-post","status-publish","format-standard","has-post-thumbnail","hentry","category-news-beitraege"],"_links":{"self":[{"href":"https:\/\/remundag.ch\/fr\/wp-json\/wp\/v2\/posts\/14619","targetHints":{"allow":["GET"]}}],"collection":[{"href":"https:\/\/remundag.ch\/fr\/wp-json\/wp\/v2\/posts"}],"about":[{"href":"https:\/\/remundag.ch\/fr\/wp-json\/wp\/v2\/types\/post"}],"author":[{"embeddable":true,"href":"https:\/\/remundag.ch\/fr\/wp-json\/wp\/v2\/users\/4"}],"replies":[{"embeddable":true,"href":"https:\/\/remundag.ch\/fr\/wp-json\/wp\/v2\/comments?post=14619"}],"version-history":[{"count":1,"href":"https:\/\/remundag.ch\/fr\/wp-json\/wp\/v2\/posts\/14619\/revisions"}],"predecessor-version":[{"id":14622,"href":"https:\/\/remundag.ch\/fr\/wp-json\/wp\/v2\/posts\/14619\/revisions\/14622"}],"wp:featuredmedia":[{"embeddable":true,"href":"https:\/\/remundag.ch\/fr\/wp-json\/wp\/v2\/media\/14623"}],"wp:attachment":[{"href":"https:\/\/remundag.ch\/fr\/wp-json\/wp\/v2\/media?parent=14619"}],"wp:term":[{"taxonomy":"category","embeddable":true,"href":"https:\/\/remundag.ch\/fr\/wp-json\/wp\/v2\/categories?post=14619"},{"taxonomy":"post_tag","embeddable":true,"href":"https:\/\/remundag.ch\/fr\/wp-json\/wp\/v2\/tags?post=14619"}],"curies":[{"name":"wp","href":"https:\/\/api.w.org\/{rel}","templated":true}]}}