{"id":14613,"date":"2025-07-25T15:24:41","date_gmt":"2025-07-25T13:24:41","guid":{"rendered":"https:\/\/remundag.ch\/?p=14613"},"modified":"2025-07-25T15:24:42","modified_gmt":"2025-07-25T13:24:42","slug":"herzliche-gratulation-zum-erfolgreichen-lehrabschluss","status":"publish","type":"post","link":"https:\/\/remundag.ch\/fr\/2025\/07\/25\/herzliche-gratulation-zum-erfolgreichen-lehrabschluss\/","title":{"rendered":"Toutes nos f\u00e9licitations pour avoir obtenu votre dipl\u00f4me d'apprentissage !"},"content":{"rendered":"<p>Nous sommes extr\u00eamement fiers de nos quatre apprentis et de leurs excellents r\u00e9sultats.<br><br>Gianna-Maria B\u00e4chler, carrossi\u00e8re-peintre CFC<br>Aulon Luzha, carrossier-t\u00f4lier CFC<br>Am\u00e9lie Hofmann, technicienne publicit\u00e9 CFC<br>Kim Leilani Niederhauser, technicienne publicit\u00e9 CFC<br><br>Nous sommes particuli\u00e8rement heureux que Gianna-Maria et Aulon restent dans notre \u00e9quipe de carrosserie et que nous puissions continuer \u00e0 les employer.<br><br>Nous vous souhaitons \u00e0 tous beaucoup de succ\u00e8s et de satisfaction dans la suite de votre carri\u00e8re professionnelle.<\/p>\n\n\n\n<figure class=\"wp-block-image size-large\"><img fetchpriority=\"high\" decoding=\"async\" width=\"1024\" height=\"576\" src=\"https:\/\/remundag.ch\/wp-content\/uploads\/2025\/07\/Kim-Leilani-Niederhauser-min-1024x576.png\" alt=\"\" class=\"wp-image-14614\" srcset=\"https:\/\/remundag.ch\/wp-content\/uploads\/2025\/07\/Kim-Leilani-Niederhauser-min-1024x576.png 1024w, https:\/\/remundag.ch\/wp-content\/uploads\/2025\/07\/Kim-Leilani-Niederhauser-min-300x169.png 300w, https:\/\/remundag.ch\/wp-content\/uploads\/2025\/07\/Kim-Leilani-Niederhauser-min-768x432.png 768w, https:\/\/remundag.ch\/wp-content\/uploads\/2025\/07\/Kim-Leilani-Niederhauser-min-1536x864.png 1536w, https:\/\/remundag.ch\/wp-content\/uploads\/2025\/07\/Kim-Leilani-Niederhauser-min-18x10.png 18w, https:\/\/remundag.ch\/wp-content\/uploads\/2025\/07\/Kim-Leilani-Niederhauser-min.png 1920w\" sizes=\"(max-width: 1024px) 100vw, 1024px\" \/><\/figure>","protected":false},"excerpt":{"rendered":"<p>Wir sind unglaublich stolz auf unsere vier Lernenden und ihre starke Leistung. &#8211; Gianna-Maria B\u00e4chler, Carrosserielackiererin EFZ&#8211; Aulon Luzha, Carrosseriespengler EFZ&#8211; Am\u00e9lie Hofmann, Werbetechnikerin EFZ&#8211; Kim Leilani Niederhauser, Werbetechnikerin EFZ Besonders freut uns, dass Gianna-Maria und Aulon unserem Carrosserie-Team erhalten bleiben und wir diese zwei weiterhin besch\u00e4ftigen d\u00fcrfen. Wir w\u00fcnschen euch allen auf eurem weiteren [&hellip;]<\/p>\n","protected":false},"author":4,"featured_media":14614,"comment_status":"closed","ping_status":"open","sticky":false,"template":"","format":"standard","meta":{"om_disable_all_campaigns":false,"inline_featured_image":false,"_uf_show_specific_survey":0,"_uf_disable_surveys":false,"footnotes":""},"categories":[1],"tags":[],"class_list":["post-14613","post","type-post","status-publish","format-standard","has-post-thumbnail","hentry","category-news-beitraege"],"_links":{"self":[{"href":"https:\/\/remundag.ch\/fr\/wp-json\/wp\/v2\/posts\/14613","targetHints":{"allow":["GET"]}}],"collection":[{"href":"https:\/\/remundag.ch\/fr\/wp-json\/wp\/v2\/posts"}],"about":[{"href":"https:\/\/remundag.ch\/fr\/wp-json\/wp\/v2\/types\/post"}],"author":[{"embeddable":true,"href":"https:\/\/remundag.ch\/fr\/wp-json\/wp\/v2\/users\/4"}],"replies":[{"embeddable":true,"href":"https:\/\/remundag.ch\/fr\/wp-json\/wp\/v2\/comments?post=14613"}],"version-history":[{"count":2,"href":"https:\/\/remundag.ch\/fr\/wp-json\/wp\/v2\/posts\/14613\/revisions"}],"predecessor-version":[{"id":14616,"href":"https:\/\/remundag.ch\/fr\/wp-json\/wp\/v2\/posts\/14613\/revisions\/14616"}],"wp:featuredmedia":[{"embeddable":true,"href":"https:\/\/remundag.ch\/fr\/wp-json\/wp\/v2\/media\/14614"}],"wp:attachment":[{"href":"https:\/\/remundag.ch\/fr\/wp-json\/wp\/v2\/media?parent=14613"}],"wp:term":[{"taxonomy":"category","embeddable":true,"href":"https:\/\/remundag.ch\/fr\/wp-json\/wp\/v2\/categories?post=14613"},{"taxonomy":"post_tag","embeddable":true,"href":"https:\/\/remundag.ch\/fr\/wp-json\/wp\/v2\/tags?post=14613"}],"curies":[{"name":"wp","href":"https:\/\/api.w.org\/{rel}","templated":true}]}}