{"id":14263,"date":"2025-06-19T07:54:38","date_gmt":"2025-06-19T05:54:38","guid":{"rendered":"https:\/\/remundag.ch\/?p=14263"},"modified":"2025-06-19T07:54:45","modified_gmt":"2025-06-19T05:54:45","slug":"busbeklebung-in-deutschland-made-in-buechslen","status":"publish","type":"post","link":"https:\/\/remundag.ch\/fr\/2025\/06\/19\/busbeklebung-in-deutschland-made-in-buechslen\/","title":{"rendered":"Marquage de bus en Allemagne - made in B\u00fcchslen"},"content":{"rendered":"<p>Sept de nos techniciens publicitaires se sont rendus \u00e0 Munich pour un week-end afin de doter deux bus de l'\u00e9quipe d'un habillage de v\u00e9hicule de qualit\u00e9.<\/p>\n\n\n\n<p>Pourquoi une \u00e9quipe de B\u00fcchslen se rend-elle en Allemagne pour une telle mission ? C'est tr\u00e8s simple : notre r\u00e9putation en mati\u00e8re de marquages professionnels et ponctuels nous a pr\u00e9c\u00e9d\u00e9s. Aucun prestataire appropri\u00e9 n'a pu \u00eatre trouv\u00e9 \u00e0 court terme \u00e0 Munich - nous avons donc accept\u00e9 le d\u00e9fi.<\/p>\n\n\n\n<p>Pour que la commande puisse \u00eatre r\u00e9alis\u00e9e \u00e0 temps, nos machines d'impression ont fonctionn\u00e9 24 heures sur 24. Gr\u00e2ce \u00e0 la flexibilit\u00e9 et \u00e0 l'engagement de nos collaborateurs, nous avons pu constituer une \u00e9quipe d'intervention \u00e0 court terme et r\u00e9aliser le projet avec succ\u00e8s.<\/p>\n\n\n\n<p>Une mission passionnante et intense qui ne sera pas oubli\u00e9e de sit\u00f4t !<\/p>\n\n\n\n<figure class=\"wp-block-gallery has-nested-images columns-default is-cropped wp-block-gallery-1 is-layout-flex wp-block-gallery-is-layout-flex\">\n<figure class=\"wp-block-image size-large\"><img fetchpriority=\"high\" decoding=\"async\" width=\"1024\" height=\"576\" data-id=\"14264\" src=\"https:\/\/remundag.ch\/wp-content\/uploads\/2025\/06\/Busse1-min-1024x576.jpg\" alt=\"\" class=\"wp-image-14264\" srcset=\"https:\/\/remundag.ch\/wp-content\/uploads\/2025\/06\/Busse1-min-1024x576.jpg 1024w, https:\/\/remundag.ch\/wp-content\/uploads\/2025\/06\/Busse1-min-300x169.jpg 300w, https:\/\/remundag.ch\/wp-content\/uploads\/2025\/06\/Busse1-min-768x432.jpg 768w, https:\/\/remundag.ch\/wp-content\/uploads\/2025\/06\/Busse1-min-1536x864.jpg 1536w, https:\/\/remundag.ch\/wp-content\/uploads\/2025\/06\/Busse1-min-18x10.jpg 18w, https:\/\/remundag.ch\/wp-content\/uploads\/2025\/06\/Busse1-min.jpg 1920w\" sizes=\"(max-width: 1024px) 100vw, 1024px\" \/><\/figure>\n\n\n\n<figure class=\"wp-block-image size-large\"><img decoding=\"async\" width=\"1024\" height=\"576\" data-id=\"14265\" src=\"https:\/\/remundag.ch\/wp-content\/uploads\/2025\/06\/Raphael-min-1024x576.jpg\" alt=\"\" class=\"wp-image-14265\" srcset=\"https:\/\/remundag.ch\/wp-content\/uploads\/2025\/06\/Raphael-min-1024x576.jpg 1024w, https:\/\/remundag.ch\/wp-content\/uploads\/2025\/06\/Raphael-min-300x169.jpg 300w, https:\/\/remundag.ch\/wp-content\/uploads\/2025\/06\/Raphael-min-768x432.jpg 768w, https:\/\/remundag.ch\/wp-content\/uploads\/2025\/06\/Raphael-min-1536x864.jpg 1536w, https:\/\/remundag.ch\/wp-content\/uploads\/2025\/06\/Raphael-min-18x10.jpg 18w, https:\/\/remundag.ch\/wp-content\/uploads\/2025\/06\/Raphael-min.jpg 1920w\" sizes=\"(max-width: 1024px) 100vw, 1024px\" \/><\/figure>\n\n\n\n<figure class=\"wp-block-image size-large\"><img decoding=\"async\" width=\"1024\" height=\"576\" data-id=\"14267\" src=\"https:\/\/remundag.ch\/wp-content\/uploads\/2025\/06\/Team1-min-1024x576.jpg\" alt=\"\" class=\"wp-image-14267\" srcset=\"https:\/\/remundag.ch\/wp-content\/uploads\/2025\/06\/Team1-min-1024x576.jpg 1024w, https:\/\/remundag.ch\/wp-content\/uploads\/2025\/06\/Team1-min-300x169.jpg 300w, https:\/\/remundag.ch\/wp-content\/uploads\/2025\/06\/Team1-min-768x432.jpg 768w, https:\/\/remundag.ch\/wp-content\/uploads\/2025\/06\/Team1-min-1536x864.jpg 1536w, https:\/\/remundag.ch\/wp-content\/uploads\/2025\/06\/Team1-min-18x10.jpg 18w, https:\/\/remundag.ch\/wp-content\/uploads\/2025\/06\/Team1-min.jpg 1920w\" sizes=\"(max-width: 1024px) 100vw, 1024px\" \/><\/figure>\n\n\n\n<figure class=\"wp-block-image size-large\"><img loading=\"lazy\" decoding=\"async\" width=\"1024\" height=\"576\" data-id=\"14266\" src=\"https:\/\/remundag.ch\/wp-content\/uploads\/2025\/06\/Team2-min-1024x576.jpg\" alt=\"\" class=\"wp-image-14266\" srcset=\"https:\/\/remundag.ch\/wp-content\/uploads\/2025\/06\/Team2-min-1024x576.jpg 1024w, https:\/\/remundag.ch\/wp-content\/uploads\/2025\/06\/Team2-min-300x169.jpg 300w, https:\/\/remundag.ch\/wp-content\/uploads\/2025\/06\/Team2-min-768x432.jpg 768w, https:\/\/remundag.ch\/wp-content\/uploads\/2025\/06\/Team2-min-1536x864.jpg 1536w, https:\/\/remundag.ch\/wp-content\/uploads\/2025\/06\/Team2-min-18x10.jpg 18w, https:\/\/remundag.ch\/wp-content\/uploads\/2025\/06\/Team2-min.jpg 1920w\" sizes=\"(max-width: 1024px) 100vw, 1024px\" \/><\/figure>\n\n\n\n<figure class=\"wp-block-image size-large\"><img loading=\"lazy\" decoding=\"async\" width=\"1024\" height=\"576\" data-id=\"14268\" src=\"https:\/\/remundag.ch\/wp-content\/uploads\/2025\/06\/Team-min-1024x576.jpg\" alt=\"\" class=\"wp-image-14268\" srcset=\"https:\/\/remundag.ch\/wp-content\/uploads\/2025\/06\/Team-min-1024x576.jpg 1024w, https:\/\/remundag.ch\/wp-content\/uploads\/2025\/06\/Team-min-300x169.jpg 300w, https:\/\/remundag.ch\/wp-content\/uploads\/2025\/06\/Team-min-768x432.jpg 768w, https:\/\/remundag.ch\/wp-content\/uploads\/2025\/06\/Team-min-1536x864.jpg 1536w, https:\/\/remundag.ch\/wp-content\/uploads\/2025\/06\/Team-min-18x10.jpg 18w, https:\/\/remundag.ch\/wp-content\/uploads\/2025\/06\/Team-min.jpg 1920w\" sizes=\"(max-width: 1024px) 100vw, 1024px\" \/><\/figure>\n<\/figure>","protected":false},"excerpt":{"rendered":"<p>Sieben unserer Werbetechnikerinnen und -techniker reisten f\u00fcr ein Wochenende nach M\u00fcnchen, um dort zwei Teambusse mit einer hochwertigen Fahrzeugbeschriftung zu versehen. Warum ein Team aus B\u00fcchslen f\u00fcr einen solchen Einsatz nach Deutschland reist? Ganz einfach: Unser Ruf f\u00fcr professionelle, termingerechte Beschriftungen eilt uns voraus. In M\u00fcnchen konnte kurzfristig kein geeigneter Anbieter gefunden werden \u2013 wir [&hellip;]<\/p>\n","protected":false},"author":4,"featured_media":14267,"comment_status":"closed","ping_status":"open","sticky":false,"template":"","format":"standard","meta":{"om_disable_all_campaigns":false,"inline_featured_image":false,"_uf_show_specific_survey":0,"_uf_disable_surveys":false,"footnotes":""},"categories":[1],"tags":[],"class_list":["post-14263","post","type-post","status-publish","format-standard","has-post-thumbnail","hentry","category-news-beitraege"],"_links":{"self":[{"href":"https:\/\/remundag.ch\/fr\/wp-json\/wp\/v2\/posts\/14263","targetHints":{"allow":["GET"]}}],"collection":[{"href":"https:\/\/remundag.ch\/fr\/wp-json\/wp\/v2\/posts"}],"about":[{"href":"https:\/\/remundag.ch\/fr\/wp-json\/wp\/v2\/types\/post"}],"author":[{"embeddable":true,"href":"https:\/\/remundag.ch\/fr\/wp-json\/wp\/v2\/users\/4"}],"replies":[{"embeddable":true,"href":"https:\/\/remundag.ch\/fr\/wp-json\/wp\/v2\/comments?post=14263"}],"version-history":[{"count":1,"href":"https:\/\/remundag.ch\/fr\/wp-json\/wp\/v2\/posts\/14263\/revisions"}],"predecessor-version":[{"id":14269,"href":"https:\/\/remundag.ch\/fr\/wp-json\/wp\/v2\/posts\/14263\/revisions\/14269"}],"wp:featuredmedia":[{"embeddable":true,"href":"https:\/\/remundag.ch\/fr\/wp-json\/wp\/v2\/media\/14267"}],"wp:attachment":[{"href":"https:\/\/remundag.ch\/fr\/wp-json\/wp\/v2\/media?parent=14263"}],"wp:term":[{"taxonomy":"category","embeddable":true,"href":"https:\/\/remundag.ch\/fr\/wp-json\/wp\/v2\/categories?post=14263"},{"taxonomy":"post_tag","embeddable":true,"href":"https:\/\/remundag.ch\/fr\/wp-json\/wp\/v2\/tags?post=14263"}],"curies":[{"name":"wp","href":"https:\/\/api.w.org\/{rel}","templated":true}]}}