{"id":14253,"date":"2025-06-13T14:59:25","date_gmt":"2025-06-13T12:59:25","guid":{"rendered":"https:\/\/remundag.ch\/?p=14253"},"modified":"2025-06-13T14:59:32","modified_gmt":"2025-06-13T12:59:32","slug":"das-neue-remund-journal-ist-da","status":"publish","type":"post","link":"https:\/\/remundag.ch\/fr\/2025\/06\/13\/das-neue-remund-journal-ist-da\/","title":{"rendered":"Le nouveau Journal Remund est arriv\u00e9"},"content":{"rendered":"<p>Ce num\u00e9ro est consacr\u00e9 au th\u00e8me principal de la \u00ab durabilit\u00e9 \u00bb.<\/p>\n\n\n\n<p>Nous y \u00e9voquons notamment notre certification Tesla ainsi que notre adh\u00e9sion \u00e0 GreenCar Repair. Nous pr\u00e9sentons \u00e9galement la d\u00e9claration de sinistre num\u00e9rique - un pas innovant vers l'efficacit\u00e9 et la convivialit\u00e9. Nous donnons \u00e9galement un aper\u00e7u concis de notre offre de services actuelle.<\/p>\n\n\n\n<p>Vous pouvez volontiers commander des exemplaires chez nous ou les retirer directement \u00e0 la r\u00e9ception.\nLe Journal Remund para\u00eet uniquement en allemand.<\/p>\n\n\n\n<p>Bonne lecture !<\/p>\n\n\n\n<div data-wp-interactive=\"core\/file\" class=\"wp-block-file\"><object data-wp-bind--hidden=\"!state.hasPdfPreview\" hidden class=\"wp-block-file__embed\" data=\"https:\/\/remundag.ch\/wp-content\/uploads\/2025\/06\/Remund-Journal_Juni-2025.pdf\" type=\"application\/pdf\" style=\"width:100%;height:600px\" aria-label=\"Contenu embarqu\u00e9 Remund Journal_Juni 2025.\"><\/object><a id=\"wp-block-file--media-88a6af60-ff2e-4593-9e06-3a9183ad1c4e\" href=\"https:\/\/remundag.ch\/wp-content\/uploads\/2025\/06\/Remund-Journal_Juni-2025.pdf\">Remund Journal_Juni 2025<\/a><a href=\"https:\/\/remundag.ch\/wp-content\/uploads\/2025\/06\/Remund-Journal_Juni-2025.pdf\" class=\"wp-block-file__button wp-element-button\" download aria-describedby=\"wp-block-file--media-88a6af60-ff2e-4593-9e06-3a9183ad1c4e\">Herunterladen<\/a><\/div>","protected":false},"excerpt":{"rendered":"<p>Diese Ausgabe widmet sich dem Hauptthema &#8222;Nachhaltigkeit&#8220;. Wir berichten unter anderem \u00fcber unsere Tesla-Zertifizierung sowie die Mitgliedschaft bei GreenCar Repair. Auch die digitale Schadensmeldung wird vorgestellt \u2013 ein innovativer Schritt Richtung Effizienz und Kundenfreundlichkeit. Zudem geben wir einen kompakten \u00dcberblick \u00fcber unser aktuelles Dienstleistungsangebot. Exemplare k\u00f6nnen gerne bei uns bestellt oder direkt bei uns am [&hellip;]<\/p>\n","protected":false},"author":4,"featured_media":14252,"comment_status":"closed","ping_status":"open","sticky":false,"template":"","format":"standard","meta":{"om_disable_all_campaigns":false,"inline_featured_image":false,"_uf_show_specific_survey":0,"_uf_disable_surveys":false,"footnotes":""},"categories":[1],"tags":[],"class_list":["post-14253","post","type-post","status-publish","format-standard","has-post-thumbnail","hentry","category-news-beitraege"],"_links":{"self":[{"href":"https:\/\/remundag.ch\/fr\/wp-json\/wp\/v2\/posts\/14253","targetHints":{"allow":["GET"]}}],"collection":[{"href":"https:\/\/remundag.ch\/fr\/wp-json\/wp\/v2\/posts"}],"about":[{"href":"https:\/\/remundag.ch\/fr\/wp-json\/wp\/v2\/types\/post"}],"author":[{"embeddable":true,"href":"https:\/\/remundag.ch\/fr\/wp-json\/wp\/v2\/users\/4"}],"replies":[{"embeddable":true,"href":"https:\/\/remundag.ch\/fr\/wp-json\/wp\/v2\/comments?post=14253"}],"version-history":[{"count":2,"href":"https:\/\/remundag.ch\/fr\/wp-json\/wp\/v2\/posts\/14253\/revisions"}],"predecessor-version":[{"id":14256,"href":"https:\/\/remundag.ch\/fr\/wp-json\/wp\/v2\/posts\/14253\/revisions\/14256"}],"wp:featuredmedia":[{"embeddable":true,"href":"https:\/\/remundag.ch\/fr\/wp-json\/wp\/v2\/media\/14252"}],"wp:attachment":[{"href":"https:\/\/remundag.ch\/fr\/wp-json\/wp\/v2\/media?parent=14253"}],"wp:term":[{"taxonomy":"category","embeddable":true,"href":"https:\/\/remundag.ch\/fr\/wp-json\/wp\/v2\/categories?post=14253"},{"taxonomy":"post_tag","embeddable":true,"href":"https:\/\/remundag.ch\/fr\/wp-json\/wp\/v2\/tags?post=14253"}],"curies":[{"name":"wp","href":"https:\/\/api.w.org\/{rel}","templated":true}]}}