{"id":14195,"date":"2025-05-21T10:54:34","date_gmt":"2025-05-21T08:54:34","guid":{"rendered":"https:\/\/remundag.ch\/?p=14195"},"modified":"2025-05-21T10:55:46","modified_gmt":"2025-05-21T08:55:46","slug":"lack-folie-perfektes-zusammenspiel","status":"publish","type":"post","link":"https:\/\/remundag.ch\/fr\/2025\/05\/21\/lack-folie-perfektes-zusammenspiel\/","title":{"rendered":"Peinture &amp; film - une interaction parfaite"},"content":{"rendered":"<p>D\u00e9but mai, le voyagiste G\u00f6ssi Carreisen a pu prendre possession de son nouveau v\u00e9hicule de luxe \u00e0 deux \u00e9tages - un v\u00e9hicule exclusif qui impressionne non seulement par son confort, mais aussi par son design exceptionnel. Mais avant d'\u00eatre officiellement inaugur\u00e9, le car a subi \u00e0 B\u00fcchslen un processus de finition complexe de plusieurs semaines, au cours duquel la carrosserie et la technique publicitaire ont travaill\u00e9 main dans la main.<\/p>\n\n\n\n<p>La base cr\u00e9ative du design a \u00e9t\u00e9 cr\u00e9\u00e9e en plusieurs \u00e9tapes de peinture. Ensuite, la technique publicitaire est entr\u00e9e en action : des motifs en filigrane ont \u00e9t\u00e9 appliqu\u00e9s avec pr\u00e9cision sur la carrosserie, compl\u00e9t\u00e9s par le film dit \u00ab Body Fence \u00bb. Ce film de protection sp\u00e9cial pr\u00e9serve le v\u00e9hicule \u00e0 long terme des impacts de pierres et des rayures.<\/p>\n\n\n\n<p>Le projet illustre les synergies entre les domaines de la carrosserie et de la technique publicitaire. Le design a \u00e9t\u00e9 r\u00e9alis\u00e9 par un bureau de design externe, mais la mise en \u0153uvre a \u00e9t\u00e9 confi\u00e9e aux sp\u00e9cialistes des deux entreprises Remund. Ils se sont mis d'accord sur les \u00e9l\u00e9ments \u00e0 peindre et ceux \u00e0 r\u00e9aliser avec des films - car certains effets ne pouvaient par exemple \u00eatre obtenus qu'avec des films chrom\u00e9s imprim\u00e9s, alors que d'autres effets sont mieux mis en valeur par des peintures.<\/p>\n\n\n\n<p>Cette interaction montre l'importance de la collaboration transversale et de l'expertise combin\u00e9e des deux domaines sp\u00e9cialis\u00e9s - pour des r\u00e9sultats qui r\u00e9pondent aux plus hautes exigences non seulement techniques, mais aussi esth\u00e9tiques.<\/p>\n\n\n\n<p>Le nouveau car de tourisme est d\u00e9di\u00e9 au fondateur de G\u00f6ssi Carreisen, Xavier G\u00f6ssi. Le design particulier rend hommage \u00e0 l'\u0153uvre de sa vie et \u00e0 son r\u00f4le dans le d\u00e9veloppement r\u00e9ussi de l'entreprise familiale, qui f\u00eate cette ann\u00e9e ses 50 ans d'existence.<\/p>\n\n\n\n<p>Nous le f\u00e9licitons pour ce jubil\u00e9 et lui souhaitons bonne route !<\/p>\n\n\n\n<p>.<\/p>\n\n\n\n<figure class=\"wp-block-gallery has-nested-images columns-default is-cropped wp-block-gallery-1 is-layout-flex wp-block-gallery-is-layout-flex\">\n<figure class=\"wp-block-image size-large\"><img fetchpriority=\"high\" decoding=\"async\" width=\"1024\" height=\"576\" data-id=\"14191\" src=\"https:\/\/remundag.ch\/wp-content\/uploads\/2025\/05\/2-min-1024x576.jpg\" alt=\"\" class=\"wp-image-14191\" srcset=\"https:\/\/remundag.ch\/wp-content\/uploads\/2025\/05\/2-min-1024x576.jpg 1024w, https:\/\/remundag.ch\/wp-content\/uploads\/2025\/05\/2-min-300x169.jpg 300w, https:\/\/remundag.ch\/wp-content\/uploads\/2025\/05\/2-min-768x432.jpg 768w, https:\/\/remundag.ch\/wp-content\/uploads\/2025\/05\/2-min-1536x864.jpg 1536w, https:\/\/remundag.ch\/wp-content\/uploads\/2025\/05\/2-min-18x10.jpg 18w, https:\/\/remundag.ch\/wp-content\/uploads\/2025\/05\/2-min.jpg 1920w\" sizes=\"(max-width: 1024px) 100vw, 1024px\" \/><\/figure>\n\n\n\n<figure class=\"wp-block-image size-large\"><img decoding=\"async\" width=\"1024\" height=\"576\" data-id=\"14194\" src=\"https:\/\/remundag.ch\/wp-content\/uploads\/2025\/05\/Unbenannt-min-1024x576.jpg\" alt=\"\" class=\"wp-image-14194\" srcset=\"https:\/\/remundag.ch\/wp-content\/uploads\/2025\/05\/Unbenannt-min-1024x576.jpg 1024w, https:\/\/remundag.ch\/wp-content\/uploads\/2025\/05\/Unbenannt-min-300x169.jpg 300w, https:\/\/remundag.ch\/wp-content\/uploads\/2025\/05\/Unbenannt-min-768x432.jpg 768w, https:\/\/remundag.ch\/wp-content\/uploads\/2025\/05\/Unbenannt-min-1536x864.jpg 1536w, https:\/\/remundag.ch\/wp-content\/uploads\/2025\/05\/Unbenannt-min-18x10.jpg 18w, https:\/\/remundag.ch\/wp-content\/uploads\/2025\/05\/Unbenannt-min.jpg 1920w\" sizes=\"(max-width: 1024px) 100vw, 1024px\" \/><\/figure>\n\n\n\n<figure class=\"wp-block-image size-large\"><img decoding=\"async\" width=\"1024\" height=\"576\" data-id=\"14193\" src=\"https:\/\/remundag.ch\/wp-content\/uploads\/2025\/05\/4-min-1024x576.jpg\" alt=\"\" class=\"wp-image-14193\" srcset=\"https:\/\/remundag.ch\/wp-content\/uploads\/2025\/05\/4-min-1024x576.jpg 1024w, https:\/\/remundag.ch\/wp-content\/uploads\/2025\/05\/4-min-300x169.jpg 300w, https:\/\/remundag.ch\/wp-content\/uploads\/2025\/05\/4-min-768x432.jpg 768w, https:\/\/remundag.ch\/wp-content\/uploads\/2025\/05\/4-min-1536x864.jpg 1536w, https:\/\/remundag.ch\/wp-content\/uploads\/2025\/05\/4-min-18x10.jpg 18w, https:\/\/remundag.ch\/wp-content\/uploads\/2025\/05\/4-min.jpg 1920w\" sizes=\"(max-width: 1024px) 100vw, 1024px\" \/><\/figure>\n\n\n\n<figure class=\"wp-block-image size-large\"><img loading=\"lazy\" decoding=\"async\" width=\"1024\" height=\"576\" data-id=\"14192\" src=\"https:\/\/remundag.ch\/wp-content\/uploads\/2025\/05\/3-min-1024x576.jpg\" alt=\"\" class=\"wp-image-14192\" srcset=\"https:\/\/remundag.ch\/wp-content\/uploads\/2025\/05\/3-min-1024x576.jpg 1024w, https:\/\/remundag.ch\/wp-content\/uploads\/2025\/05\/3-min-300x169.jpg 300w, https:\/\/remundag.ch\/wp-content\/uploads\/2025\/05\/3-min-768x432.jpg 768w, https:\/\/remundag.ch\/wp-content\/uploads\/2025\/05\/3-min-1536x864.jpg 1536w, https:\/\/remundag.ch\/wp-content\/uploads\/2025\/05\/3-min-18x10.jpg 18w, https:\/\/remundag.ch\/wp-content\/uploads\/2025\/05\/3-min.jpg 1920w\" sizes=\"(max-width: 1024px) 100vw, 1024px\" \/><\/figure>\n\n\n\n<figure class=\"wp-block-image size-large\"><img loading=\"lazy\" decoding=\"async\" width=\"1024\" height=\"576\" data-id=\"14190\" src=\"https:\/\/remundag.ch\/wp-content\/uploads\/2025\/05\/1-min-1024x576.jpg\" alt=\"\" class=\"wp-image-14190\" srcset=\"https:\/\/remundag.ch\/wp-content\/uploads\/2025\/05\/1-min-1024x576.jpg 1024w, https:\/\/remundag.ch\/wp-content\/uploads\/2025\/05\/1-min-300x169.jpg 300w, https:\/\/remundag.ch\/wp-content\/uploads\/2025\/05\/1-min-768x432.jpg 768w, https:\/\/remundag.ch\/wp-content\/uploads\/2025\/05\/1-min-1536x864.jpg 1536w, https:\/\/remundag.ch\/wp-content\/uploads\/2025\/05\/1-min-18x10.jpg 18w, https:\/\/remundag.ch\/wp-content\/uploads\/2025\/05\/1-min.jpg 1920w\" sizes=\"(max-width: 1024px) 100vw, 1024px\" \/><\/figure>\n<\/figure>","protected":false},"excerpt":{"rendered":"<p>Anfang Mai durfte das Reiseunternehmen G\u00f6ssi Carreisen seinen neuen Luxusdoppelst\u00f6cker in Empfang nehmen \u2013 ein exklusives Fahrzeug, das nicht nur durch Komfort, sondern auch durch ein aussergew\u00f6hnliches Design beeindruckt. Bevor der Car jedoch offiziell eingeweiht wurde, durchlief er in B\u00fcchslen ein mehrw\u00f6chiges, aufw\u00e4ndiges Veredelungsverfahren, bei dem Carrosserie und Werbetechnik Hand in Hand arbeiteten. In mehreren [&hellip;]<\/p>\n","protected":false},"author":4,"featured_media":14191,"comment_status":"closed","ping_status":"open","sticky":false,"template":"","format":"standard","meta":{"om_disable_all_campaigns":false,"inline_featured_image":false,"_uf_show_specific_survey":0,"_uf_disable_surveys":false,"footnotes":""},"categories":[1],"tags":[],"class_list":["post-14195","post","type-post","status-publish","format-standard","has-post-thumbnail","hentry","category-news-beitraege"],"_links":{"self":[{"href":"https:\/\/remundag.ch\/fr\/wp-json\/wp\/v2\/posts\/14195","targetHints":{"allow":["GET"]}}],"collection":[{"href":"https:\/\/remundag.ch\/fr\/wp-json\/wp\/v2\/posts"}],"about":[{"href":"https:\/\/remundag.ch\/fr\/wp-json\/wp\/v2\/types\/post"}],"author":[{"embeddable":true,"href":"https:\/\/remundag.ch\/fr\/wp-json\/wp\/v2\/users\/4"}],"replies":[{"embeddable":true,"href":"https:\/\/remundag.ch\/fr\/wp-json\/wp\/v2\/comments?post=14195"}],"version-history":[{"count":2,"href":"https:\/\/remundag.ch\/fr\/wp-json\/wp\/v2\/posts\/14195\/revisions"}],"predecessor-version":[{"id":14197,"href":"https:\/\/remundag.ch\/fr\/wp-json\/wp\/v2\/posts\/14195\/revisions\/14197"}],"wp:featuredmedia":[{"embeddable":true,"href":"https:\/\/remundag.ch\/fr\/wp-json\/wp\/v2\/media\/14191"}],"wp:attachment":[{"href":"https:\/\/remundag.ch\/fr\/wp-json\/wp\/v2\/media?parent=14195"}],"wp:term":[{"taxonomy":"category","embeddable":true,"href":"https:\/\/remundag.ch\/fr\/wp-json\/wp\/v2\/categories?post=14195"},{"taxonomy":"post_tag","embeddable":true,"href":"https:\/\/remundag.ch\/fr\/wp-json\/wp\/v2\/tags?post=14195"}],"curies":[{"name":"wp","href":"https:\/\/api.w.org\/{rel}","templated":true}]}}