{"id":13917,"date":"2025-02-28T09:34:29","date_gmt":"2025-02-28T08:34:29","guid":{"rendered":"https:\/\/remundag.ch\/?p=13917"},"modified":"2025-02-28T09:34:31","modified_gmt":"2025-02-28T08:34:31","slug":"beschriftung-blumenboerse-west","status":"publish","type":"post","link":"https:\/\/remundag.ch\/fr\/2025\/02\/28\/beschriftung-blumenboerse-west\/","title":{"rendered":"Marquage ext\u00e9rieur\/int\u00e9rieur pour la bourse aux fleurs"},"content":{"rendered":"<p>Pour la r\u00e9ouverture de la bourse aux fleurs West \u00e0 Kerzers, nous avons pu r\u00e9aliser la signal\u00e9tique int\u00e9rieure et ext\u00e9rieure. En \u00e9troite collaboration avec le client, nous avons examin\u00e9 les meilleures options de marquage et les avons mises en \u0153uvre avec succ\u00e8s. L\u2019objectif \u00e9tait de mettre en valeur de mani\u00e8re optimale les inscriptions cr\u00e9\u00e9es par une agence, tant \u00e0 l'int\u00e9rieur qu'\u00e0 l'ext\u00e9rieur du b\u00e2timent.<\/p>\n\n\n\n<p>Une signal\u00e9tique ext\u00e9rieure doit \u00eatre bien visible de loin et s'int\u00e9grer harmonieusement, en termes de forme, de couleur et de mat\u00e9riau, \u00e0 l'infrastructure et \u00e0 l'environnement existants. Cela n\u00e9cessite g\u00e9n\u00e9ralement une \u00e9troite coordination avec les bureaux d'architectes, les menuiseries, les entreprises de peinture et les agences de design. De plus, des autorisations administratives sont n\u00e9cessaires pour de telles installations.<\/p>\n\n\n\n<p>Depuis plus de 30 ans, nous planifions, coordonnons, concevons, produisons et installons avec succ\u00e8s des signal\u00e9tiques pour les espaces int\u00e9rieurs et ext\u00e9rieurs \u2013 avec professionnalisme et expertise.<\/p>\n\n\n\n<p>Nous souhaitons beaucoup de succ\u00e8s \u00e0 la bourse aux fleurs sur son nouveau site de Kerzers !<\/p>\n\n\n\n<p>.<\/p>\n\n\n\n<figure class=\"wp-block-gallery has-nested-images columns-default is-cropped wp-block-gallery-1 is-layout-flex wp-block-gallery-is-layout-flex\">\n<figure class=\"wp-block-image size-large\"><img fetchpriority=\"high\" decoding=\"async\" width=\"1024\" height=\"576\" data-id=\"13920\" src=\"https:\/\/remundag.ch\/wp-content\/uploads\/2025\/02\/5-min-1-1024x576.jpg\" alt=\"\" class=\"wp-image-13920\" srcset=\"https:\/\/remundag.ch\/wp-content\/uploads\/2025\/02\/5-min-1-1024x576.jpg 1024w, https:\/\/remundag.ch\/wp-content\/uploads\/2025\/02\/5-min-1-300x169.jpg 300w, https:\/\/remundag.ch\/wp-content\/uploads\/2025\/02\/5-min-1-768x432.jpg 768w, https:\/\/remundag.ch\/wp-content\/uploads\/2025\/02\/5-min-1-1536x864.jpg 1536w, https:\/\/remundag.ch\/wp-content\/uploads\/2025\/02\/5-min-1-18x10.jpg 18w, https:\/\/remundag.ch\/wp-content\/uploads\/2025\/02\/5-min-1.jpg 1920w\" sizes=\"(max-width: 1024px) 100vw, 1024px\" \/><\/figure>\n\n\n\n<figure class=\"wp-block-image size-large\"><img decoding=\"async\" width=\"1024\" height=\"576\" data-id=\"13925\" src=\"https:\/\/remundag.ch\/wp-content\/uploads\/2025\/02\/1-min-2-1024x576.jpg\" alt=\"\" class=\"wp-image-13925\" srcset=\"https:\/\/remundag.ch\/wp-content\/uploads\/2025\/02\/1-min-2-1024x576.jpg 1024w, https:\/\/remundag.ch\/wp-content\/uploads\/2025\/02\/1-min-2-300x169.jpg 300w, https:\/\/remundag.ch\/wp-content\/uploads\/2025\/02\/1-min-2-768x432.jpg 768w, https:\/\/remundag.ch\/wp-content\/uploads\/2025\/02\/1-min-2-1536x864.jpg 1536w, https:\/\/remundag.ch\/wp-content\/uploads\/2025\/02\/1-min-2-18x10.jpg 18w, https:\/\/remundag.ch\/wp-content\/uploads\/2025\/02\/1-min-2.jpg 1920w\" sizes=\"(max-width: 1024px) 100vw, 1024px\" \/><\/figure>\n\n\n\n<figure class=\"wp-block-image size-large\"><img decoding=\"async\" width=\"1024\" height=\"576\" data-id=\"13919\" src=\"https:\/\/remundag.ch\/wp-content\/uploads\/2025\/02\/4-min-4-1024x576.jpg\" alt=\"\" class=\"wp-image-13919\" srcset=\"https:\/\/remundag.ch\/wp-content\/uploads\/2025\/02\/4-min-4-1024x576.jpg 1024w, https:\/\/remundag.ch\/wp-content\/uploads\/2025\/02\/4-min-4-300x169.jpg 300w, https:\/\/remundag.ch\/wp-content\/uploads\/2025\/02\/4-min-4-768x432.jpg 768w, https:\/\/remundag.ch\/wp-content\/uploads\/2025\/02\/4-min-4-1536x864.jpg 1536w, https:\/\/remundag.ch\/wp-content\/uploads\/2025\/02\/4-min-4-18x10.jpg 18w, https:\/\/remundag.ch\/wp-content\/uploads\/2025\/02\/4-min-4.jpg 1920w\" sizes=\"(max-width: 1024px) 100vw, 1024px\" \/><\/figure>\n\n\n\n<figure class=\"wp-block-image size-large\"><img loading=\"lazy\" decoding=\"async\" width=\"1024\" height=\"576\" data-id=\"13918\" src=\"https:\/\/remundag.ch\/wp-content\/uploads\/2025\/02\/3-min-5-1024x576.jpg\" alt=\"\" class=\"wp-image-13918\" srcset=\"https:\/\/remundag.ch\/wp-content\/uploads\/2025\/02\/3-min-5-1024x576.jpg 1024w, https:\/\/remundag.ch\/wp-content\/uploads\/2025\/02\/3-min-5-300x169.jpg 300w, https:\/\/remundag.ch\/wp-content\/uploads\/2025\/02\/3-min-5-768x432.jpg 768w, https:\/\/remundag.ch\/wp-content\/uploads\/2025\/02\/3-min-5-1536x864.jpg 1536w, https:\/\/remundag.ch\/wp-content\/uploads\/2025\/02\/3-min-5-18x10.jpg 18w, https:\/\/remundag.ch\/wp-content\/uploads\/2025\/02\/3-min-5.jpg 1920w\" sizes=\"(max-width: 1024px) 100vw, 1024px\" \/><\/figure>\n\n\n\n<figure class=\"wp-block-image size-large\"><img loading=\"lazy\" decoding=\"async\" width=\"1024\" height=\"576\" data-id=\"13924\" src=\"https:\/\/remundag.ch\/wp-content\/uploads\/2025\/02\/2-min-6-1024x576.jpg\" alt=\"\" class=\"wp-image-13924\" srcset=\"https:\/\/remundag.ch\/wp-content\/uploads\/2025\/02\/2-min-6-1024x576.jpg 1024w, https:\/\/remundag.ch\/wp-content\/uploads\/2025\/02\/2-min-6-300x169.jpg 300w, https:\/\/remundag.ch\/wp-content\/uploads\/2025\/02\/2-min-6-768x432.jpg 768w, https:\/\/remundag.ch\/wp-content\/uploads\/2025\/02\/2-min-6-1536x864.jpg 1536w, https:\/\/remundag.ch\/wp-content\/uploads\/2025\/02\/2-min-6-18x10.jpg 18w, https:\/\/remundag.ch\/wp-content\/uploads\/2025\/02\/2-min-6.jpg 1920w\" sizes=\"(max-width: 1024px) 100vw, 1024px\" \/><\/figure>\n\n\n\n<figure class=\"wp-block-image size-large\"><img loading=\"lazy\" decoding=\"async\" width=\"1024\" height=\"576\" data-id=\"13927\" src=\"https:\/\/remundag.ch\/wp-content\/uploads\/2025\/02\/7-min-1024x576.jpg\" alt=\"\" class=\"wp-image-13927\" srcset=\"https:\/\/remundag.ch\/wp-content\/uploads\/2025\/02\/7-min-1024x576.jpg 1024w, https:\/\/remundag.ch\/wp-content\/uploads\/2025\/02\/7-min-300x169.jpg 300w, https:\/\/remundag.ch\/wp-content\/uploads\/2025\/02\/7-min-768x432.jpg 768w, https:\/\/remundag.ch\/wp-content\/uploads\/2025\/02\/7-min-1536x864.jpg 1536w, https:\/\/remundag.ch\/wp-content\/uploads\/2025\/02\/7-min-18x10.jpg 18w, https:\/\/remundag.ch\/wp-content\/uploads\/2025\/02\/7-min.jpg 1920w\" sizes=\"(max-width: 1024px) 100vw, 1024px\" \/><\/figure>\n\n\n\n<figure class=\"wp-block-image size-large\"><img loading=\"lazy\" decoding=\"async\" width=\"1024\" height=\"576\" data-id=\"13926\" src=\"https:\/\/remundag.ch\/wp-content\/uploads\/2025\/02\/8-min-1024x576.jpg\" alt=\"\" class=\"wp-image-13926\" srcset=\"https:\/\/remundag.ch\/wp-content\/uploads\/2025\/02\/8-min-1024x576.jpg 1024w, https:\/\/remundag.ch\/wp-content\/uploads\/2025\/02\/8-min-300x169.jpg 300w, https:\/\/remundag.ch\/wp-content\/uploads\/2025\/02\/8-min-768x432.jpg 768w, https:\/\/remundag.ch\/wp-content\/uploads\/2025\/02\/8-min-1536x864.jpg 1536w, https:\/\/remundag.ch\/wp-content\/uploads\/2025\/02\/8-min-18x10.jpg 18w, https:\/\/remundag.ch\/wp-content\/uploads\/2025\/02\/8-min.jpg 1920w\" sizes=\"(max-width: 1024px) 100vw, 1024px\" \/><\/figure>\n\n\n\n<figure class=\"wp-block-image size-large\"><img loading=\"lazy\" decoding=\"async\" width=\"1024\" height=\"576\" data-id=\"13922\" src=\"https:\/\/remundag.ch\/wp-content\/uploads\/2025\/02\/6-min-1-1024x576.jpg\" alt=\"\" class=\"wp-image-13922\" srcset=\"https:\/\/remundag.ch\/wp-content\/uploads\/2025\/02\/6-min-1-1024x576.jpg 1024w, https:\/\/remundag.ch\/wp-content\/uploads\/2025\/02\/6-min-1-300x169.jpg 300w, https:\/\/remundag.ch\/wp-content\/uploads\/2025\/02\/6-min-1-768x432.jpg 768w, https:\/\/remundag.ch\/wp-content\/uploads\/2025\/02\/6-min-1-1536x864.jpg 1536w, https:\/\/remundag.ch\/wp-content\/uploads\/2025\/02\/6-min-1-18x10.jpg 18w, https:\/\/remundag.ch\/wp-content\/uploads\/2025\/02\/6-min-1.jpg 1920w\" sizes=\"(max-width: 1024px) 100vw, 1024px\" \/><\/figure>\n\n\n\n<figure class=\"wp-block-image size-large\"><img loading=\"lazy\" decoding=\"async\" width=\"1024\" height=\"576\" data-id=\"13921\" src=\"https:\/\/remundag.ch\/wp-content\/uploads\/2025\/02\/10-min-1024x576.jpg\" alt=\"\" class=\"wp-image-13921\" srcset=\"https:\/\/remundag.ch\/wp-content\/uploads\/2025\/02\/10-min-1024x576.jpg 1024w, https:\/\/remundag.ch\/wp-content\/uploads\/2025\/02\/10-min-300x169.jpg 300w, https:\/\/remundag.ch\/wp-content\/uploads\/2025\/02\/10-min-768x432.jpg 768w, https:\/\/remundag.ch\/wp-content\/uploads\/2025\/02\/10-min-1536x864.jpg 1536w, https:\/\/remundag.ch\/wp-content\/uploads\/2025\/02\/10-min-18x10.jpg 18w, https:\/\/remundag.ch\/wp-content\/uploads\/2025\/02\/10-min.jpg 1920w\" sizes=\"(max-width: 1024px) 100vw, 1024px\" \/><\/figure>\n\n\n\n<figure class=\"wp-block-image size-large\"><img loading=\"lazy\" decoding=\"async\" width=\"1024\" height=\"576\" data-id=\"13923\" src=\"https:\/\/remundag.ch\/wp-content\/uploads\/2025\/02\/9-min-1024x576.jpg\" alt=\"\" class=\"wp-image-13923\" srcset=\"https:\/\/remundag.ch\/wp-content\/uploads\/2025\/02\/9-min-1024x576.jpg 1024w, https:\/\/remundag.ch\/wp-content\/uploads\/2025\/02\/9-min-300x169.jpg 300w, https:\/\/remundag.ch\/wp-content\/uploads\/2025\/02\/9-min-768x432.jpg 768w, https:\/\/remundag.ch\/wp-content\/uploads\/2025\/02\/9-min-1536x864.jpg 1536w, https:\/\/remundag.ch\/wp-content\/uploads\/2025\/02\/9-min-18x10.jpg 18w, https:\/\/remundag.ch\/wp-content\/uploads\/2025\/02\/9-min.jpg 1920w\" sizes=\"(max-width: 1024px) 100vw, 1024px\" \/><\/figure>\n<\/figure>","protected":false},"excerpt":{"rendered":"<p>Zur Neuer\u00f6ffnung der Blumenb\u00f6rse West in Kerzers durften wir die Beschriftungen im Innen- und Aussenbereich realisieren. In enger Zusammenarbeit mit dem Kunden haben wir die besten M\u00f6glichkeiten f\u00fcr die Beschriftungen gepr\u00fcft und erfolgreich umgesetzt. Dabei lag der Fokus darauf, die von einer Agentur gestalteten Schriftz\u00fcge optimal in und am Geb\u00e4ude zur Geltung zur bringen. Eine [&hellip;]<\/p>\n","protected":false},"author":4,"featured_media":13925,"comment_status":"closed","ping_status":"open","sticky":false,"template":"","format":"standard","meta":{"om_disable_all_campaigns":false,"inline_featured_image":false,"_uf_show_specific_survey":0,"_uf_disable_surveys":false,"footnotes":""},"categories":[1],"tags":[],"class_list":["post-13917","post","type-post","status-publish","format-standard","has-post-thumbnail","hentry","category-news-beitraege"],"_links":{"self":[{"href":"https:\/\/remundag.ch\/fr\/wp-json\/wp\/v2\/posts\/13917","targetHints":{"allow":["GET"]}}],"collection":[{"href":"https:\/\/remundag.ch\/fr\/wp-json\/wp\/v2\/posts"}],"about":[{"href":"https:\/\/remundag.ch\/fr\/wp-json\/wp\/v2\/types\/post"}],"author":[{"embeddable":true,"href":"https:\/\/remundag.ch\/fr\/wp-json\/wp\/v2\/users\/4"}],"replies":[{"embeddable":true,"href":"https:\/\/remundag.ch\/fr\/wp-json\/wp\/v2\/comments?post=13917"}],"version-history":[{"count":1,"href":"https:\/\/remundag.ch\/fr\/wp-json\/wp\/v2\/posts\/13917\/revisions"}],"predecessor-version":[{"id":13928,"href":"https:\/\/remundag.ch\/fr\/wp-json\/wp\/v2\/posts\/13917\/revisions\/13928"}],"wp:featuredmedia":[{"embeddable":true,"href":"https:\/\/remundag.ch\/fr\/wp-json\/wp\/v2\/media\/13925"}],"wp:attachment":[{"href":"https:\/\/remundag.ch\/fr\/wp-json\/wp\/v2\/media?parent=13917"}],"wp:term":[{"taxonomy":"category","embeddable":true,"href":"https:\/\/remundag.ch\/fr\/wp-json\/wp\/v2\/categories?post=13917"},{"taxonomy":"post_tag","embeddable":true,"href":"https:\/\/remundag.ch\/fr\/wp-json\/wp\/v2\/tags?post=13917"}],"curies":[{"name":"wp","href":"https:\/\/api.w.org\/{rel}","templated":true}]}}