{"id":13657,"date":"2024-12-03T08:34:21","date_gmt":"2024-12-03T07:34:21","guid":{"rendered":"https:\/\/remundag.ch\/?p=13657"},"modified":"2024-12-03T08:34:23","modified_gmt":"2024-12-03T07:34:23","slug":"remund-lebkuchen","status":"publish","type":"post","link":"https:\/\/remundag.ch\/fr\/2024\/12\/03\/remund-lebkuchen\/","title":{"rendered":"Pain d'\u00e9pices Remund"},"content":{"rendered":"<p>Les fameux pains d'\u00e9pices Remund sont de retour. Passez chez nous \u00e0 B\u00fcchslen pour vous procurer cette friandise.\u00a0<strong>d\u00e9p\u00eachez-vous avant qu'il ne soit trop tard!<\/strong><\/p>","protected":false},"excerpt":{"rendered":"<p>Die beliebten Remund-Lebkuchen sind wieder da. Kommen Sie bei uns in B\u00fcchslen vorbei und sichern Sie sich den Leckerbissen.\u00a0S\u2019het so lang\u00a0s\u2019het!<\/p>","protected":false},"author":4,"featured_media":13656,"comment_status":"closed","ping_status":"open","sticky":false,"template":"","format":"standard","meta":{"om_disable_all_campaigns":false,"inline_featured_image":false,"_uf_show_specific_survey":0,"_uf_disable_surveys":false,"footnotes":""},"categories":[1],"tags":[],"class_list":["post-13657","post","type-post","status-publish","format-standard","has-post-thumbnail","hentry","category-news-beitraege"],"_links":{"self":[{"href":"https:\/\/remundag.ch\/fr\/wp-json\/wp\/v2\/posts\/13657","targetHints":{"allow":["GET"]}}],"collection":[{"href":"https:\/\/remundag.ch\/fr\/wp-json\/wp\/v2\/posts"}],"about":[{"href":"https:\/\/remundag.ch\/fr\/wp-json\/wp\/v2\/types\/post"}],"author":[{"embeddable":true,"href":"https:\/\/remundag.ch\/fr\/wp-json\/wp\/v2\/users\/4"}],"replies":[{"embeddable":true,"href":"https:\/\/remundag.ch\/fr\/wp-json\/wp\/v2\/comments?post=13657"}],"version-history":[{"count":1,"href":"https:\/\/remundag.ch\/fr\/wp-json\/wp\/v2\/posts\/13657\/revisions"}],"predecessor-version":[{"id":13658,"href":"https:\/\/remundag.ch\/fr\/wp-json\/wp\/v2\/posts\/13657\/revisions\/13658"}],"wp:featuredmedia":[{"embeddable":true,"href":"https:\/\/remundag.ch\/fr\/wp-json\/wp\/v2\/media\/13656"}],"wp:attachment":[{"href":"https:\/\/remundag.ch\/fr\/wp-json\/wp\/v2\/media?parent=13657"}],"wp:term":[{"taxonomy":"category","embeddable":true,"href":"https:\/\/remundag.ch\/fr\/wp-json\/wp\/v2\/categories?post=13657"},{"taxonomy":"post_tag","embeddable":true,"href":"https:\/\/remundag.ch\/fr\/wp-json\/wp\/v2\/tags?post=13657"}],"curies":[{"name":"wp","href":"https:\/\/api.w.org\/{rel}","templated":true}]}}