{"id":13652,"date":"2024-12-04T11:25:10","date_gmt":"2024-12-04T10:25:10","guid":{"rendered":"https:\/\/remundag.ch\/?p=13652"},"modified":"2024-12-04T11:26:24","modified_gmt":"2024-12-04T10:26:24","slug":"frohe-festtage","status":"publish","type":"post","link":"https:\/\/remundag.ch\/fr\/2024\/12\/04\/frohe-festtage\/","title":{"rendered":"Joyeuses F\u00eates - Heures d'ouverture"},"content":{"rendered":"<p>En cette fin d\u2019ann\u00e9e, nous souhaitons vous remercier sinc\u00e8rement pour votre confiance et votre fid\u00e9lit\u00e9. Votre soutien sans faille est indispensable \u00e0 notre d\u00e9veloppement, et nous sommes ravis d\u2019avoir pu vivre une ann\u00e9e r\u00e9ussie \u00e0 vos c\u00f4t\u00e9s.<\/p>\n\n\n\n<p>Nous sommes \u00e9galement \u00e0 votre disposition pendant les f\u00eates de fin d'ann\u00e9e :<\/p>\n\n\n\n<p style=\"font-style:normal;font-weight:700\">23\/30 d\u00e9cembre 2024 :<\/p>\n\n\n\n<p>07h15 - 12h00 et 13h15 - 17h30<\/p>\n\n\n\n<p style=\"font-style:normal;font-weight:700\">24\/31 d\u00e9cembre 2024 : <\/p>\n\n\n\n<p>7h15 \u2013 12h00 <\/p>\n\n\n\n<p style=\"font-style:normal;font-weight:700\">25.\/26.\/27. Dezember 2024 und 1.\/2. Januar 2025:<\/p>\n\n\n\n<p>ferm\u00e9<\/p>\n\n\n\n<p style=\"font-style:normal;font-weight:700\"><\/p>\n\n\n\n<p><\/p>\n\n\n\n<p style=\"font-style:normal;font-weight:700\">\u00c0 partir du 3 janvier 2025 :<\/p>\n\n\n\n<p>07h15 - 12h00 et 13h15 - 17h30<br><\/p>\n\n\n\n<p><\/p>\n\n\n\n<p>Nous vous souhaitons \u00e0 vous et \u00e0 votre famille un joyeux No\u00ebl, des f\u00eates de fin d\u2019ann\u00e9e reposantes et une bonne nouvelle ann\u00e9e!<\/p>","protected":false},"excerpt":{"rendered":"<p>Zum Jahresende m\u00f6chten wir uns herzlich f\u00fcr Ihr Vertrauen und Ihre Treue bedanken. Ihre Unterst\u00fctzung ist das Fundament, auf dem wir aufbauen, und wir freuen uns sehr, gemeinsam mit Ihnen auf ein erfolgreiches Jahr zur\u00fcckblicken zu k\u00f6nnen. Auch \u00fcber die Festtage sind wir f\u00fcr Sie da: 23.\/30. Dezember 2024: 07.15 &#8211; 12.00 Uhr und 13.15 [&hellip;]<\/p>\n","protected":false},"author":4,"featured_media":13651,"comment_status":"closed","ping_status":"open","sticky":false,"template":"","format":"standard","meta":{"om_disable_all_campaigns":false,"inline_featured_image":false,"_uf_show_specific_survey":0,"_uf_disable_surveys":false,"footnotes":""},"categories":[1],"tags":[],"class_list":["post-13652","post","type-post","status-publish","format-standard","has-post-thumbnail","hentry","category-news-beitraege"],"_links":{"self":[{"href":"https:\/\/remundag.ch\/fr\/wp-json\/wp\/v2\/posts\/13652","targetHints":{"allow":["GET"]}}],"collection":[{"href":"https:\/\/remundag.ch\/fr\/wp-json\/wp\/v2\/posts"}],"about":[{"href":"https:\/\/remundag.ch\/fr\/wp-json\/wp\/v2\/types\/post"}],"author":[{"embeddable":true,"href":"https:\/\/remundag.ch\/fr\/wp-json\/wp\/v2\/users\/4"}],"replies":[{"embeddable":true,"href":"https:\/\/remundag.ch\/fr\/wp-json\/wp\/v2\/comments?post=13652"}],"version-history":[{"count":4,"href":"https:\/\/remundag.ch\/fr\/wp-json\/wp\/v2\/posts\/13652\/revisions"}],"predecessor-version":[{"id":13660,"href":"https:\/\/remundag.ch\/fr\/wp-json\/wp\/v2\/posts\/13652\/revisions\/13660"}],"wp:featuredmedia":[{"embeddable":true,"href":"https:\/\/remundag.ch\/fr\/wp-json\/wp\/v2\/media\/13651"}],"wp:attachment":[{"href":"https:\/\/remundag.ch\/fr\/wp-json\/wp\/v2\/media?parent=13652"}],"wp:term":[{"taxonomy":"category","embeddable":true,"href":"https:\/\/remundag.ch\/fr\/wp-json\/wp\/v2\/categories?post=13652"},{"taxonomy":"post_tag","embeddable":true,"href":"https:\/\/remundag.ch\/fr\/wp-json\/wp\/v2\/tags?post=13652"}],"curies":[{"name":"wp","href":"https:\/\/api.w.org\/{rel}","templated":true}]}}