{"id":13320,"date":"2024-10-22T16:19:40","date_gmt":"2024-10-22T14:19:40","guid":{"rendered":"https:\/\/remundag.ch\/?p=13320"},"modified":"2026-04-01T12:15:08","modified_gmt":"2026-04-01T10:15:08","slug":"schaden-online-melden","status":"publish","type":"post","link":"https:\/\/remundag.ch\/fr\/2024\/10\/22\/schaden-online-melden\/","title":{"rendered":"D\u00e9clarer sinistre en ligne"},"content":{"rendered":"<p>D\u00e8s \u00e0 pr\u00e9sent, nos clients peuvent nous d\u00e9clarer facilement et num\u00e9riquement les dommages subis par leur v\u00e9hicule. Une application conviviale permet de saisir rapidement le certificat d'immatriculation du v\u00e9hicule, les dommages et les coordonn\u00e9es et de nous les transmettre directement. Les avantages sont nombreux :<\/p>\n\n\n\n<ul class=\"wp-block-list\">\n<li><strong>Gain de temps :<\/strong>&nbsp;en quelques minutes, le dommage est d\u00e9clar\u00e9 ou une offre est demand\u00e9e. Une expertise sur place du v\u00e9hicule n'est pas toujours n\u00e9cessaire.<\/li>\n\n\n\n<li><strong>Ind\u00e9pendance du lieu et de l'heure :<\/strong>&nbsp;les dommages peuvent \u00eatre saisis 24 heures sur 24, o\u00f9 que l'on se trouve.<\/li>\n\n\n\n<li><strong>Pas d'installation n\u00e9cessaire :<\/strong>&nbsp;la d\u00e9claration se fait directement sur notre site web, sans qu'il soit n\u00e9cessaire de t\u00e9l\u00e9charger une application.<\/li>\n<\/ul>\n\n\n\n<p><\/p>\n\n\n\n<p>Notre outil intuitif vous guide pas \u00e0 pas tout au long du processus. <\/p>\n\n\n\n<p class=\"has-white-color has-text-color has-link-color wp-elements-7e4ac651328708ea719ac0894fa30934\">.<\/p>\n\n\n\n<p><\/p>\n\n\n\n<p><\/p>\n\n\n\n<p><\/p>\n\n\n\n<div class=\"wp-block-buttons is-layout-flex wp-block-buttons-is-layout-flex\">\n<div class=\"wp-block-button has-custom-width wp-block-button__width-50 is-style-outline is-style-outline--1\"><a class=\"wp-block-button__link has-white-color has-vivid-red-background-color has-text-color has-background has-link-color wp-element-button\" href=\"https:\/\/remundag.schadensmeldung.digital\" target=\"_blank\" rel=\"noopener\">Essayez-le maintenant<\/a><\/div>\n<\/div>\n\n\n\n<div class=\"wp-block-group is-nowrap is-layout-flex wp-container-core-group-is-layout-6c531013 wp-block-group-is-layout-flex\">\n<div class=\"wp-block-group is-nowrap is-layout-flex wp-container-core-group-is-layout-6c531013 wp-block-group-is-layout-flex\"><\/div>\n<\/div>\n\n\n\n<p class=\"has-white-color has-text-color has-link-color wp-elements-7e4ac651328708ea719ac0894fa30934\">.<\/p>\n\n\n\n<p class=\"has-white-color has-text-color has-link-color wp-elements-7e4ac651328708ea719ac0894fa30934\">.<\/p>\n\n\n\n<p><\/p>\n\n\n\n<figure class=\"wp-block-embed is-type-video is-provider-youtube wp-block-embed-youtube wp-embed-aspect-4-3 wp-has-aspect-ratio\"><div class=\"wp-block-embed__wrapper\">\n<iframe title=\"D\u00e9clarer sinistre en ligne\" width=\"563\" height=\"1000\" src=\"https:\/\/www.youtube.com\/embed\/1u-kfW81nzk?feature=oembed\" frameborder=\"0\" allow=\"accelerometer; autoplay; clipboard-write; encrypted-media; gyroscope; picture-in-picture; web-share\" referrerpolicy=\"strict-origin-when-cross-origin\" allowfullscreen><\/iframe>\n<\/div><\/figure>","protected":false},"excerpt":{"rendered":"<p>Ab sofort k\u00f6nnen unsere Kundinnen und Kunden Fahrzeugsch\u00e4den bequem und digital bei uns melden. \u00dcber eine benutzerfreundliche Applikation lassen sich Fahrzeugausweis, Schaden und Koordinaten schnell erfassen und direkt an uns \u00fcbermitteln. Das bringt zahlreiche Vorteile: Unser intuitives Tool f\u00fchrt Schritt f\u00fcr Schritt durch den gesamten Prozess. . . .<\/p>","protected":false},"author":4,"featured_media":13323,"comment_status":"closed","ping_status":"open","sticky":false,"template":"","format":"standard","meta":{"om_disable_all_campaigns":false,"inline_featured_image":false,"_uf_show_specific_survey":0,"_uf_disable_surveys":false,"footnotes":""},"categories":[1],"tags":[],"class_list":["post-13320","post","type-post","status-publish","format-standard","has-post-thumbnail","hentry","category-news-beitraege"],"_links":{"self":[{"href":"https:\/\/remundag.ch\/fr\/wp-json\/wp\/v2\/posts\/13320","targetHints":{"allow":["GET"]}}],"collection":[{"href":"https:\/\/remundag.ch\/fr\/wp-json\/wp\/v2\/posts"}],"about":[{"href":"https:\/\/remundag.ch\/fr\/wp-json\/wp\/v2\/types\/post"}],"author":[{"embeddable":true,"href":"https:\/\/remundag.ch\/fr\/wp-json\/wp\/v2\/users\/4"}],"replies":[{"embeddable":true,"href":"https:\/\/remundag.ch\/fr\/wp-json\/wp\/v2\/comments?post=13320"}],"version-history":[{"count":14,"href":"https:\/\/remundag.ch\/fr\/wp-json\/wp\/v2\/posts\/13320\/revisions"}],"predecessor-version":[{"id":13478,"href":"https:\/\/remundag.ch\/fr\/wp-json\/wp\/v2\/posts\/13320\/revisions\/13478"}],"wp:featuredmedia":[{"embeddable":true,"href":"https:\/\/remundag.ch\/fr\/wp-json\/wp\/v2\/media\/13323"}],"wp:attachment":[{"href":"https:\/\/remundag.ch\/fr\/wp-json\/wp\/v2\/media?parent=13320"}],"wp:term":[{"taxonomy":"category","embeddable":true,"href":"https:\/\/remundag.ch\/fr\/wp-json\/wp\/v2\/categories?post=13320"},{"taxonomy":"post_tag","embeddable":true,"href":"https:\/\/remundag.ch\/fr\/wp-json\/wp\/v2\/tags?post=13320"}],"curies":[{"name":"wp","href":"https:\/\/api.w.org\/{rel}","templated":true}]}}