{"id":12689,"date":"2024-09-03T13:54:46","date_gmt":"2024-09-03T11:54:46","guid":{"rendered":"https:\/\/remundag.ch\/?p=12689"},"modified":"2025-06-26T10:38:56","modified_gmt":"2025-06-26T08:38:56","slug":"neue-werbelok-lattesso","status":"publish","type":"post","link":"https:\/\/remundag.ch\/fr\/2024\/09\/03\/neue-werbelok-lattesso\/","title":{"rendered":"Nouvelle locomotive publicitaire \"Lattesso\""},"content":{"rendered":"<div data-elementor-type=\"wp-post\" data-elementor-id=\"12689\" class=\"elementor elementor-12689\" data-elementor-post-type=\"post\">\n\t\t\t\t<div class=\"elementor-element elementor-element-74a664c0 e-flex e-con-boxed e-con e-parent\" data-id=\"74a664c0\" data-element_type=\"container\" data-e-type=\"container\">\n\t\t\t\t\t<div class=\"e-con-inner\">\n\t\t\t\t<div class=\"elementor-element elementor-element-7118c494 elementor-widget elementor-widget-text-editor\" data-id=\"7118c494\" data-element_type=\"widget\" data-e-type=\"widget\" data-widget_type=\"text-editor.default\">\n\t\t\t\t<div class=\"elementor-widget-container\">\n\t\t\t\t\t\t\t\t\t\n<p>D\u00e8s \u00e0 pr\u00e9sent, une locomotive publicitaire unique en son genre sillonne la Suisse pour les 13 prochains mois et transporte non seulement des passagers, mais aussi le message rafra\u00eechissant de Lattesso, la c\u00e9l\u00e8bre boisson au caf\u00e9 pr\u00eate \u00e0 boire. Nous avons pu marquer la locomotive publicitaire et sommes fiers du r\u00e9sultat. Le design reprend la campagne actuelle d'emojis LATTESSO, qui est en cours depuis le printemps 2024. L'id\u00e9e est la suivante : Les emojis sont synonymes de communication rapide et simple - tout comme LATTESSO est synonyme de plaisir d'un caf\u00e9 rapide et frais.<\/p>\n\n\n\n<p>La locomotive publicitaire attire le regard et donne envie d'en savoir plus. Nous f\u00e9licitons chaleureusement Cremo SA pour ce support publicitaire innovant et lui souhaitons bonne route !<\/p>\n\n\n\n<p>Source images: Cremo SA<\/p>\n\n\n\n<figure class=\"wp-block-gallery has-nested-images columns-default is-cropped wp-block-gallery-2 is-layout-flex wp-block-gallery-is-layout-flex\">\n<figure class=\"wp-block-image size-large\"><img fetchpriority=\"high\" decoding=\"async\" width=\"1024\" height=\"576\" data-id=\"12685\" src=\"https:\/\/remundag.ch\/wp-content\/uploads\/2024\/09\/1-min-1024x576.jpg\" alt=\"\" class=\"wp-image-12685\" srcset=\"https:\/\/remundag.ch\/wp-content\/uploads\/2024\/09\/1-min-1024x576.jpg 1024w, https:\/\/remundag.ch\/wp-content\/uploads\/2024\/09\/1-min-300x169.jpg 300w, https:\/\/remundag.ch\/wp-content\/uploads\/2024\/09\/1-min-768x432.jpg 768w, https:\/\/remundag.ch\/wp-content\/uploads\/2024\/09\/1-min-1536x864.jpg 1536w, https:\/\/remundag.ch\/wp-content\/uploads\/2024\/09\/1-min-18x10.jpg 18w, https:\/\/remundag.ch\/wp-content\/uploads\/2024\/09\/1-min.jpg 1920w\" sizes=\"(max-width: 1024px) 100vw, 1024px\" \/><\/figure>\n\n\n\n<figure class=\"wp-block-image size-large\"><img decoding=\"async\" width=\"1024\" height=\"576\" data-id=\"12688\" src=\"https:\/\/remundag.ch\/wp-content\/uploads\/2024\/09\/4-min-1024x576.jpg\" alt=\"\" class=\"wp-image-12688\" srcset=\"https:\/\/remundag.ch\/wp-content\/uploads\/2024\/09\/4-min-1024x576.jpg 1024w, https:\/\/remundag.ch\/wp-content\/uploads\/2024\/09\/4-min-300x169.jpg 300w, https:\/\/remundag.ch\/wp-content\/uploads\/2024\/09\/4-min-768x432.jpg 768w, https:\/\/remundag.ch\/wp-content\/uploads\/2024\/09\/4-min-1536x864.jpg 1536w, https:\/\/remundag.ch\/wp-content\/uploads\/2024\/09\/4-min-18x10.jpg 18w, https:\/\/remundag.ch\/wp-content\/uploads\/2024\/09\/4-min.jpg 1920w\" sizes=\"(max-width: 1024px) 100vw, 1024px\" \/><\/figure>\n\n\n\n<figure class=\"wp-block-image size-large\"><img decoding=\"async\" width=\"1024\" height=\"576\" data-id=\"12687\" src=\"https:\/\/remundag.ch\/wp-content\/uploads\/2024\/09\/3-min-1024x576.jpg\" alt=\"\" class=\"wp-image-12687\" srcset=\"https:\/\/remundag.ch\/wp-content\/uploads\/2024\/09\/3-min-1024x576.jpg 1024w, https:\/\/remundag.ch\/wp-content\/uploads\/2024\/09\/3-min-300x169.jpg 300w, https:\/\/remundag.ch\/wp-content\/uploads\/2024\/09\/3-min-768x432.jpg 768w, https:\/\/remundag.ch\/wp-content\/uploads\/2024\/09\/3-min-1536x864.jpg 1536w, https:\/\/remundag.ch\/wp-content\/uploads\/2024\/09\/3-min-18x10.jpg 18w, https:\/\/remundag.ch\/wp-content\/uploads\/2024\/09\/3-min.jpg 1920w\" sizes=\"(max-width: 1024px) 100vw, 1024px\" \/><\/figure>\n\n\n\n<figure class=\"wp-block-image size-large\"><img loading=\"lazy\" decoding=\"async\" width=\"1024\" height=\"576\" data-id=\"12686\" src=\"https:\/\/remundag.ch\/wp-content\/uploads\/2024\/09\/2-min-1024x576.jpg\" alt=\"\" class=\"wp-image-12686\" srcset=\"https:\/\/remundag.ch\/wp-content\/uploads\/2024\/09\/2-min-1024x576.jpg 1024w, https:\/\/remundag.ch\/wp-content\/uploads\/2024\/09\/2-min-300x169.jpg 300w, https:\/\/remundag.ch\/wp-content\/uploads\/2024\/09\/2-min-768x432.jpg 768w, https:\/\/remundag.ch\/wp-content\/uploads\/2024\/09\/2-min-1536x864.jpg 1536w, https:\/\/remundag.ch\/wp-content\/uploads\/2024\/09\/2-min-18x10.jpg 18w, https:\/\/remundag.ch\/wp-content\/uploads\/2024\/09\/2-min.jpg 1920w\" sizes=\"(max-width: 1024px) 100vw, 1024px\" \/><\/figure>\n<\/figure>\n\t\t\t\t\t\t\t\t<\/div>\n\t\t\t\t<\/div>\n\t\t\t\t\t<\/div>\n\t\t\t\t<\/div>\n\t\t\t\t<\/div>","protected":false},"excerpt":{"rendered":"<p>Ab sofort rollt eine einzigartige Werbelok f\u00fcr die n\u00e4chsten 13 Monate durch die Schweiz und transportiert nicht nur Passagiere, sondern auch die erfrischende Botschaft von Lattesso, dem beliebten Ready-to-Drink-Kaffeegetr\u00e4nk. Wir durften die Werbelok beschriften und sind stolz auf das Ergebnis. Das Design greift die aktuelle LATTESSO-Emoji-Kampagne auf, die seit dem Fr\u00fchling 2024 l\u00e4uft. Die Idee [&hellip;]<\/p>\n","protected":false},"author":4,"featured_media":12685,"comment_status":"closed","ping_status":"open","sticky":false,"template":"","format":"standard","meta":{"om_disable_all_campaigns":false,"inline_featured_image":false,"_uf_show_specific_survey":0,"_uf_disable_surveys":false,"footnotes":""},"categories":[1],"tags":[],"class_list":["post-12689","post","type-post","status-publish","format-standard","has-post-thumbnail","hentry","category-news-beitraege"],"_links":{"self":[{"href":"https:\/\/remundag.ch\/fr\/wp-json\/wp\/v2\/posts\/12689","targetHints":{"allow":["GET"]}}],"collection":[{"href":"https:\/\/remundag.ch\/fr\/wp-json\/wp\/v2\/posts"}],"about":[{"href":"https:\/\/remundag.ch\/fr\/wp-json\/wp\/v2\/types\/post"}],"author":[{"embeddable":true,"href":"https:\/\/remundag.ch\/fr\/wp-json\/wp\/v2\/users\/4"}],"replies":[{"embeddable":true,"href":"https:\/\/remundag.ch\/fr\/wp-json\/wp\/v2\/comments?post=12689"}],"version-history":[{"count":5,"href":"https:\/\/remundag.ch\/fr\/wp-json\/wp\/v2\/posts\/12689\/revisions"}],"predecessor-version":[{"id":14374,"href":"https:\/\/remundag.ch\/fr\/wp-json\/wp\/v2\/posts\/12689\/revisions\/14374"}],"wp:featuredmedia":[{"embeddable":true,"href":"https:\/\/remundag.ch\/fr\/wp-json\/wp\/v2\/media\/12685"}],"wp:attachment":[{"href":"https:\/\/remundag.ch\/fr\/wp-json\/wp\/v2\/media?parent=12689"}],"wp:term":[{"taxonomy":"category","embeddable":true,"href":"https:\/\/remundag.ch\/fr\/wp-json\/wp\/v2\/categories?post=12689"},{"taxonomy":"post_tag","embeddable":true,"href":"https:\/\/remundag.ch\/fr\/wp-json\/wp\/v2\/tags?post=12689"}],"curies":[{"name":"wp","href":"https:\/\/api.w.org\/{rel}","templated":true}]}}