{"id":12531,"date":"2024-07-16T10:22:48","date_gmt":"2024-07-16T08:22:48","guid":{"rendered":"https:\/\/remundag.ch\/?p=12531"},"modified":"2024-07-18T09:29:41","modified_gmt":"2024-07-18T07:29:41","slug":"herzliche-gratulation-an-unsere-erfolgreichen-pruefungsabsolventen","status":"publish","type":"post","link":"https:\/\/remundag.ch\/fr\/2024\/07\/16\/herzliche-gratulation-an-unsere-erfolgreichen-pruefungsabsolventen\/","title":{"rendered":"Toutes nos f\u00e9licitations pour la r\u00e9ussite aux examens !"},"content":{"rendered":"<p>Nous avons le plaisir de f\u00e9liciter chaleureusement nos quatre laur\u00e9ats d'examens : Leonie Schenk et Gianmarco Seiler de Remund Werbetechnik AG ainsi que Joona Bodenm\u00fcller et Qani Sadiku de Carrosserie AG (tous deux sans photo).<\/p>\n\n\n\n<p>Leonie Schenk und Gianmarco Seiler haben w\u00e4hrend vier Jahren das Handwerk als Gestalter\/in Werbetechnik EFZ erlernt und nun erfolgreich und verdient abgeschlossen. Joona Bodenm\u00fcller und Qani Sadiku haben ebenfalls nach vier Ausbildungsjahren ihre Lehre als Carrosserielackierer EFZ bzw. als Carrosseriespengler EFZ erfolgreich und souver\u00e4n abgeschlossen.<\/p>\n\n\n\n<p>Nous sommes particuli\u00e8rement fiers que Joona Bodenm\u00fcller et Gianmarco Seiler aient \u00e9t\u00e9 r\u00e9compens\u00e9s pour leurs bons r\u00e9sultats de fin d'\u00e9tudes - nous les en f\u00e9licitons chaleureusement ! Bravo !<\/p>\n\n\n\n<p>Non seulement nous sommes extr\u00eamement fiers de nos quatre apprentis, mais nous sommes aussi particuli\u00e8rement heureux que Gianmarco et L\u00e9onie continuent \u00e0 travailler dans notre entreprise de technique publicitaire et que nous puissions compter sur leur pr\u00e9cieux soutien \u00e0 l'avenir. Cette d\u00e9cision t\u00e9moigne de la qualit\u00e9 des deux parties - Remund AG en tant qu'entreprise formatrice et les excellentes comp\u00e9tences de nos apprentis en fin de formation.<\/p>\n\n\n\n<p>Nous leur souhaitons \u00e0 tous bonne chance et beaucoup de succ\u00e8s pour la suite de leur carri\u00e8re !<\/p>\n\n\n\n<figure class=\"wp-block-image size-large\"><img fetchpriority=\"high\" decoding=\"async\" width=\"1024\" height=\"576\" src=\"https:\/\/remundag.ch\/wp-content\/uploads\/2024\/07\/Design-ohne-Titel4-1024x576.jpg\" alt=\"\" class=\"wp-image-12536\" srcset=\"https:\/\/remundag.ch\/wp-content\/uploads\/2024\/07\/Design-ohne-Titel4-1024x576.jpg 1024w, https:\/\/remundag.ch\/wp-content\/uploads\/2024\/07\/Design-ohne-Titel4-300x169.jpg 300w, https:\/\/remundag.ch\/wp-content\/uploads\/2024\/07\/Design-ohne-Titel4-768x432.jpg 768w, https:\/\/remundag.ch\/wp-content\/uploads\/2024\/07\/Design-ohne-Titel4-1536x864.jpg 1536w, https:\/\/remundag.ch\/wp-content\/uploads\/2024\/07\/Design-ohne-Titel4-18x10.jpg 18w, https:\/\/remundag.ch\/wp-content\/uploads\/2024\/07\/Design-ohne-Titel4.jpg 1920w\" sizes=\"(max-width: 1024px) 100vw, 1024px\" \/><\/figure>\n\n\n\n<p>                        Gianmarco Seiler \/ Leonie Schenk<\/p>","protected":false},"excerpt":{"rendered":"<p>Wir freuen uns, unseren vier erfolgreichen Pr\u00fcfungsabsolventinnen und Pr\u00fcfungsabsolventen Leonie Schenk und Gianmarco Seiler von der Remund Werbetechnik AG sowie Joona Bodenm\u00fcller und Qani Sadiku von der Carrosserie AG (beide ohne Bild) herzlich zu gratulieren. Leonie Schenk und Gianmarco Seiler haben w\u00e4hrend vier Jahren das Handwerk als Gestalter\/in Werbetechnik EFZ erlernt und nun erfolgreich und [&hellip;]<\/p>\n","protected":false},"author":4,"featured_media":12543,"comment_status":"closed","ping_status":"open","sticky":false,"template":"","format":"standard","meta":{"om_disable_all_campaigns":false,"inline_featured_image":false,"_uf_show_specific_survey":0,"_uf_disable_surveys":false,"footnotes":""},"categories":[1],"tags":[],"class_list":["post-12531","post","type-post","status-publish","format-standard","has-post-thumbnail","hentry","category-news-beitraege"],"_links":{"self":[{"href":"https:\/\/remundag.ch\/fr\/wp-json\/wp\/v2\/posts\/12531","targetHints":{"allow":["GET"]}}],"collection":[{"href":"https:\/\/remundag.ch\/fr\/wp-json\/wp\/v2\/posts"}],"about":[{"href":"https:\/\/remundag.ch\/fr\/wp-json\/wp\/v2\/types\/post"}],"author":[{"embeddable":true,"href":"https:\/\/remundag.ch\/fr\/wp-json\/wp\/v2\/users\/4"}],"replies":[{"embeddable":true,"href":"https:\/\/remundag.ch\/fr\/wp-json\/wp\/v2\/comments?post=12531"}],"version-history":[{"count":11,"href":"https:\/\/remundag.ch\/fr\/wp-json\/wp\/v2\/posts\/12531\/revisions"}],"predecessor-version":[{"id":12565,"href":"https:\/\/remundag.ch\/fr\/wp-json\/wp\/v2\/posts\/12531\/revisions\/12565"}],"wp:featuredmedia":[{"embeddable":true,"href":"https:\/\/remundag.ch\/fr\/wp-json\/wp\/v2\/media\/12543"}],"wp:attachment":[{"href":"https:\/\/remundag.ch\/fr\/wp-json\/wp\/v2\/media?parent=12531"}],"wp:term":[{"taxonomy":"category","embeddable":true,"href":"https:\/\/remundag.ch\/fr\/wp-json\/wp\/v2\/categories?post=12531"},{"taxonomy":"post_tag","embeddable":true,"href":"https:\/\/remundag.ch\/fr\/wp-json\/wp\/v2\/tags?post=12531"}],"curies":[{"name":"wp","href":"https:\/\/api.w.org\/{rel}","templated":true}]}}