{"id":12492,"date":"2024-07-11T08:34:58","date_gmt":"2024-07-11T06:34:58","guid":{"rendered":"https:\/\/remundag.ch\/?p=12492"},"modified":"2025-05-05T15:42:29","modified_gmt":"2025-05-05T13:42:29","slug":"neue-lackierkabine","status":"publish","type":"post","link":"https:\/\/remundag.ch\/fr\/2024\/07\/11\/neue-lackierkabine\/","title":{"rendered":"Nouvelle cabine de peinture"},"content":{"rendered":"<p><strong>Remund Carrosserie AG investit dans une nouvelle cabine de peinture \u00e0 la pointe de la technologie et renforce ainsi sa r\u00e9putation de prestataire de services renomm\u00e9 pour les travaux de peinture sur tous types de v\u00e9hicules.<\/strong><\/p>\n\n\n\n<p>Lors du choix de la nouvelle cabine de peinture, Remund AG a accord\u00e9 une grande importance \u00e0 l'efficacit\u00e9 et \u00e0 la protection de l'environnement. La nouvelle cabine de peinture offre de nombreux avantages par rapport \u00e0 l'ancienne :<\/p>\n\n\n\n<ul class=\"wp-block-list\">\n<li><strong>Consommation d'\u00e9nergie:<\/strong> d'une part, l'utilisation d'un convertisseur de fr\u00e9quence permet de r\u00e9duire la consommation d'\u00e9nergie \u00e9lectrique jusqu'\u00e0 34%. D'autre part, l'\u00e9changeur de chaleur air-air install\u00e9 permet d'\u00e9conomiser de l'\u00e9nergie suppl\u00e9mentaire. Ainsi, 50% de la chaleur n\u00e9cessaire est automatiquement produite par cet \u00e9changeur de chaleur.<\/li>\n\n\n\n<li><strong>Augmentation de l'efficacit\u00e9:<\/strong> la division de la cabine en deux secteurs permet d'effectuer diff\u00e9rents processus de travail en m\u00eame temps. Si n\u00e9cessaire, un seul secteur peut \u00eatre activ\u00e9, ce qui permet de r\u00e9aliser d'importantes \u00e9conomies d'\u00e9nergie.<\/li>\n\n\n\n<li><strong>Syst\u00e8me d'\u00e9clairage moderne:<\/strong> il permet de r\u00e9aliser des peintures aux couleurs exactes et d'\u00e9clairer de mani\u00e8re optimale m\u00eame les endroits filigranes.<\/li>\n<\/ul>\n\n\n\n<p><\/p>\n\n\n\n<p>Cet investissement souligne l'engagement de Remund Carrosserie AG \u00e0 offrir \u00e0 ses clients une qualit\u00e9 sup\u00e9rieure et des solutions respectueuses de l'environnement.<\/p>\n\n\n\n<figure class=\"wp-block-gallery has-nested-images columns-default is-cropped wp-block-gallery-1 is-layout-flex wp-block-gallery-is-layout-flex\">\n<figure class=\"wp-block-image size-large\"><img fetchpriority=\"high\" decoding=\"async\" width=\"1024\" height=\"576\" data-id=\"12493\" src=\"https:\/\/remundag.ch\/wp-content\/uploads\/2024\/07\/Lackierkabine2-min-1024x576.jpg\" alt=\"\" class=\"wp-image-12493\" srcset=\"https:\/\/remundag.ch\/wp-content\/uploads\/2024\/07\/Lackierkabine2-min-1024x576.jpg 1024w, https:\/\/remundag.ch\/wp-content\/uploads\/2024\/07\/Lackierkabine2-min-300x169.jpg 300w, https:\/\/remundag.ch\/wp-content\/uploads\/2024\/07\/Lackierkabine2-min-768x432.jpg 768w, https:\/\/remundag.ch\/wp-content\/uploads\/2024\/07\/Lackierkabine2-min-1536x864.jpg 1536w, https:\/\/remundag.ch\/wp-content\/uploads\/2024\/07\/Lackierkabine2-min-18x10.jpg 18w, https:\/\/remundag.ch\/wp-content\/uploads\/2024\/07\/Lackierkabine2-min.jpg 1920w\" sizes=\"(max-width: 1024px) 100vw, 1024px\" \/><\/figure>\n<\/figure>\n\n\n\n<figure class=\"wp-block-image size-large\"><img decoding=\"async\" width=\"1024\" height=\"576\" src=\"https:\/\/remundag.ch\/wp-content\/uploads\/2024\/07\/Lackierkabine-min-1-1024x576.jpg\" alt=\"\" class=\"wp-image-12491\" srcset=\"https:\/\/remundag.ch\/wp-content\/uploads\/2024\/07\/Lackierkabine-min-1-1024x576.jpg 1024w, https:\/\/remundag.ch\/wp-content\/uploads\/2024\/07\/Lackierkabine-min-1-300x169.jpg 300w, https:\/\/remundag.ch\/wp-content\/uploads\/2024\/07\/Lackierkabine-min-1-768x432.jpg 768w, https:\/\/remundag.ch\/wp-content\/uploads\/2024\/07\/Lackierkabine-min-1-1536x864.jpg 1536w, https:\/\/remundag.ch\/wp-content\/uploads\/2024\/07\/Lackierkabine-min-1-18x10.jpg 18w, https:\/\/remundag.ch\/wp-content\/uploads\/2024\/07\/Lackierkabine-min-1.jpg 1920w\" sizes=\"(max-width: 1024px) 100vw, 1024px\" \/><\/figure>","protected":false},"excerpt":{"rendered":"<p>Die Remund Carrosserie AG investiert in eine neue Lackierkabine nach modernster Technik und festigt somit ihren Ruf als renommierter Dienstleister f\u00fcr Lackarbeiten an Fahrzeugen jeglicher Art. Bei der Auswahl der neuen Lackierkabine legte die Remund AG grossen Wert auf Effizienz und Umweltschutz. Die neue Lackierkabine bietet im Vergleich zur alten zahlreiche Vorteile: Diese Investition unterstreicht [&hellip;]<\/p>\n","protected":false},"author":4,"featured_media":12491,"comment_status":"closed","ping_status":"open","sticky":false,"template":"","format":"standard","meta":{"om_disable_all_campaigns":false,"inline_featured_image":false,"_uf_show_specific_survey":0,"_uf_disable_surveys":false,"footnotes":""},"categories":[1],"tags":[],"class_list":["post-12492","post","type-post","status-publish","format-standard","has-post-thumbnail","hentry","category-news-beitraege"],"_links":{"self":[{"href":"https:\/\/remundag.ch\/fr\/wp-json\/wp\/v2\/posts\/12492","targetHints":{"allow":["GET"]}}],"collection":[{"href":"https:\/\/remundag.ch\/fr\/wp-json\/wp\/v2\/posts"}],"about":[{"href":"https:\/\/remundag.ch\/fr\/wp-json\/wp\/v2\/types\/post"}],"author":[{"embeddable":true,"href":"https:\/\/remundag.ch\/fr\/wp-json\/wp\/v2\/users\/4"}],"replies":[{"embeddable":true,"href":"https:\/\/remundag.ch\/fr\/wp-json\/wp\/v2\/comments?post=12492"}],"version-history":[{"count":2,"href":"https:\/\/remundag.ch\/fr\/wp-json\/wp\/v2\/posts\/12492\/revisions"}],"predecessor-version":[{"id":12495,"href":"https:\/\/remundag.ch\/fr\/wp-json\/wp\/v2\/posts\/12492\/revisions\/12495"}],"wp:featuredmedia":[{"embeddable":true,"href":"https:\/\/remundag.ch\/fr\/wp-json\/wp\/v2\/media\/12491"}],"wp:attachment":[{"href":"https:\/\/remundag.ch\/fr\/wp-json\/wp\/v2\/media?parent=12492"}],"wp:term":[{"taxonomy":"category","embeddable":true,"href":"https:\/\/remundag.ch\/fr\/wp-json\/wp\/v2\/categories?post=12492"},{"taxonomy":"post_tag","embeddable":true,"href":"https:\/\/remundag.ch\/fr\/wp-json\/wp\/v2\/tags?post=12492"}],"curies":[{"name":"wp","href":"https:\/\/api.w.org\/{rel}","templated":true}]}}