{"id":11093,"date":"2023-10-17T09:37:09","date_gmt":"2023-10-17T07:37:09","guid":{"rendered":"https:\/\/remundag.ch\/?p=11093"},"modified":"2024-05-17T14:34:24","modified_gmt":"2024-05-17T12:34:24","slug":"filiale-600-fuer-denner","status":"publish","type":"post","link":"https:\/\/remundag.ch\/fr\/2023\/10\/17\/filiale-600-fuer-denner\/","title":{"rendered":"Denner f\u00eate sa 600e succursale"},"content":{"rendered":"<figure class=\"wp-block-gallery has-nested-images columns-default is-cropped wp-block-gallery-1 is-layout-flex wp-block-gallery-is-layout-flex\">\n<figure class=\"wp-block-image size-large\"><img fetchpriority=\"high\" decoding=\"async\" width=\"1024\" height=\"576\" data-id=\"11092\" src=\"https:\/\/remundag.ch\/wp-content\/uploads\/2023\/10\/5-min-1-1024x576.jpg\" alt=\"\" class=\"wp-image-11092\" srcset=\"https:\/\/remundag.ch\/wp-content\/uploads\/2023\/10\/5-min-1-1024x576.jpg 1024w, https:\/\/remundag.ch\/wp-content\/uploads\/2023\/10\/5-min-1-300x169.jpg 300w, https:\/\/remundag.ch\/wp-content\/uploads\/2023\/10\/5-min-1-768x432.jpg 768w, https:\/\/remundag.ch\/wp-content\/uploads\/2023\/10\/5-min-1-1536x864.jpg 1536w, https:\/\/remundag.ch\/wp-content\/uploads\/2023\/10\/5-min-1-18x10.jpg 18w, https:\/\/remundag.ch\/wp-content\/uploads\/2023\/10\/5-min-1.jpg 1920w\" sizes=\"(max-width: 1024px) 100vw, 1024px\" \/><\/figure>\n\n\n\n<figure class=\"wp-block-image size-large\"><img decoding=\"async\" width=\"1024\" height=\"576\" data-id=\"11091\" src=\"https:\/\/remundag.ch\/wp-content\/uploads\/2023\/10\/4-min-2-1024x576.jpg\" alt=\"\" class=\"wp-image-11091\" srcset=\"https:\/\/remundag.ch\/wp-content\/uploads\/2023\/10\/4-min-2-1024x576.jpg 1024w, https:\/\/remundag.ch\/wp-content\/uploads\/2023\/10\/4-min-2-300x169.jpg 300w, https:\/\/remundag.ch\/wp-content\/uploads\/2023\/10\/4-min-2-768x432.jpg 768w, https:\/\/remundag.ch\/wp-content\/uploads\/2023\/10\/4-min-2-1536x864.jpg 1536w, https:\/\/remundag.ch\/wp-content\/uploads\/2023\/10\/4-min-2-18x10.jpg 18w, https:\/\/remundag.ch\/wp-content\/uploads\/2023\/10\/4-min-2.jpg 1920w\" sizes=\"(max-width: 1024px) 100vw, 1024px\" \/><\/figure>\n\n\n\n<figure class=\"wp-block-image size-large\"><img decoding=\"async\" width=\"1024\" height=\"576\" data-id=\"11090\" src=\"https:\/\/remundag.ch\/wp-content\/uploads\/2023\/10\/3-min-2-1024x576.jpg\" alt=\"\" class=\"wp-image-11090\" srcset=\"https:\/\/remundag.ch\/wp-content\/uploads\/2023\/10\/3-min-2-1024x576.jpg 1024w, https:\/\/remundag.ch\/wp-content\/uploads\/2023\/10\/3-min-2-300x169.jpg 300w, https:\/\/remundag.ch\/wp-content\/uploads\/2023\/10\/3-min-2-768x432.jpg 768w, https:\/\/remundag.ch\/wp-content\/uploads\/2023\/10\/3-min-2-1536x864.jpg 1536w, https:\/\/remundag.ch\/wp-content\/uploads\/2023\/10\/3-min-2-18x10.jpg 18w, https:\/\/remundag.ch\/wp-content\/uploads\/2023\/10\/3-min-2.jpg 1920w\" sizes=\"(max-width: 1024px) 100vw, 1024px\" \/><\/figure>\n<\/figure>\n\n\n\n<p>Denner f\u00eate sa 600e succursale. Avec cette succursale du Petit-Lancy, Denner densifie encore son r\u00e9seau de succursales et manifeste ainsi son slogan : \"Denner. Pr\u00e8s de chez toi.\"<\/p>\n\n\n\n<p>Remund Werbetechnik a eu le privil\u00e8ge, parmi tant d'autres, d'habiller cette succursale anniversaire avec le nouvel habit Denner \u00e0 l'int\u00e9rieur et \u00e0 l'ext\u00e9rieur.<\/p>","protected":false},"excerpt":{"rendered":"<p>Denner feiert seine 600. Filiale. Mit dieser Filiale in Petit-Lancy verdichtet Denner sein Filialnetz weiter und manifestiert damit seinen Slogan: &#8222;Denner. Nah bei dir.&#8220; Die Remund Werbetechnik durfte nebst vielen anderen auch diese Jubil\u00e4ums-Filiale mit dem neuen Denner-Kleid im Innen- und Aussenbereich ausstatten.<\/p>","protected":false},"author":4,"featured_media":11091,"comment_status":"closed","ping_status":"open","sticky":false,"template":"","format":"standard","meta":{"om_disable_all_campaigns":false,"inline_featured_image":false,"_uf_show_specific_survey":0,"_uf_disable_surveys":false,"footnotes":""},"categories":[1],"tags":[],"class_list":["post-11093","post","type-post","status-publish","format-standard","has-post-thumbnail","hentry","category-news-beitraege"],"_links":{"self":[{"href":"https:\/\/remundag.ch\/fr\/wp-json\/wp\/v2\/posts\/11093","targetHints":{"allow":["GET"]}}],"collection":[{"href":"https:\/\/remundag.ch\/fr\/wp-json\/wp\/v2\/posts"}],"about":[{"href":"https:\/\/remundag.ch\/fr\/wp-json\/wp\/v2\/types\/post"}],"author":[{"embeddable":true,"href":"https:\/\/remundag.ch\/fr\/wp-json\/wp\/v2\/users\/4"}],"replies":[{"embeddable":true,"href":"https:\/\/remundag.ch\/fr\/wp-json\/wp\/v2\/comments?post=11093"}],"version-history":[{"count":2,"href":"https:\/\/remundag.ch\/fr\/wp-json\/wp\/v2\/posts\/11093\/revisions"}],"predecessor-version":[{"id":11095,"href":"https:\/\/remundag.ch\/fr\/wp-json\/wp\/v2\/posts\/11093\/revisions\/11095"}],"wp:featuredmedia":[{"embeddable":true,"href":"https:\/\/remundag.ch\/fr\/wp-json\/wp\/v2\/media\/11091"}],"wp:attachment":[{"href":"https:\/\/remundag.ch\/fr\/wp-json\/wp\/v2\/media?parent=11093"}],"wp:term":[{"taxonomy":"category","embeddable":true,"href":"https:\/\/remundag.ch\/fr\/wp-json\/wp\/v2\/categories?post=11093"},{"taxonomy":"post_tag","embeddable":true,"href":"https:\/\/remundag.ch\/fr\/wp-json\/wp\/v2\/tags?post=11093"}],"curies":[{"name":"wp","href":"https:\/\/api.w.org\/{rel}","templated":true}]}}