{"id":10637,"date":"2023-08-25T10:57:22","date_gmt":"2023-08-25T08:57:22","guid":{"rendered":"https:\/\/remundag.ch\/?p=10637"},"modified":"2024-05-17T14:35:15","modified_gmt":"2024-05-17T12:35:15","slug":"die-remund-ag-in-neuem-glanz","status":"publish","type":"post","link":"https:\/\/remundag.ch\/fr\/2023\/08\/25\/die-remund-ag-in-neuem-glanz\/","title":{"rendered":"Remund AG dans un nouvel \u00e9clat"},"content":{"rendered":"<p>Le nouveau site web des deux entreprises Remund, Carrosserie et Technique publicitaire, est en ligne. La pr\u00e9sentation au design retravaill\u00e9 se veut plus fra\u00eeche et plus moderne et la simplification de l'interface utilisateur doit permettre \u00e0 nos clients d'avoir un aper\u00e7u rapide, simple et complet de notre offre de prestations.<br><br>Nous souhaitons nous am\u00e9liorer en permanence et optimiser notre site web pour vous. Nous sommes donc \u00e0 l'\u00e9coute de vos propositions d'am\u00e9lioration, de vos critiques ou de vos compliments !<br><br>Nous vous souhaitons beaucoup de plaisir \u00e0 le d\u00e9couvrir. <br><br><\/p>\n\n\n\n<p><\/p>\n\n\n\n<p><\/p>\n\n\n\n<p><\/p>","protected":false},"excerpt":{"rendered":"<p>Die neue Webseite der beiden Remund Betriebe, Carrosserie und Werbetechnik, ist online. Der Auftritt mit \u00fcberarbeitetem Design soll frischer und moderner wirken und die Vereinfachung der Bedienoberfl\u00e4che soll unseren Kundinnen und Kunden schnell, unkompliziert und umfassend Einblick in unser Dienstleistungsangebot zeigen. Wir m\u00f6chten uns und unsere Webseite f\u00fcr Sie laufend optimieren &#8211; so nehmen wir [&hellip;]<\/p>\n","protected":false},"author":4,"featured_media":10641,"comment_status":"open","ping_status":"open","sticky":false,"template":"","format":"standard","meta":{"om_disable_all_campaigns":false,"inline_featured_image":false,"_uf_show_specific_survey":0,"_uf_disable_surveys":false,"footnotes":""},"categories":[1],"tags":[],"class_list":["post-10637","post","type-post","status-publish","format-standard","has-post-thumbnail","hentry","category-news-beitraege"],"_links":{"self":[{"href":"https:\/\/remundag.ch\/fr\/wp-json\/wp\/v2\/posts\/10637","targetHints":{"allow":["GET"]}}],"collection":[{"href":"https:\/\/remundag.ch\/fr\/wp-json\/wp\/v2\/posts"}],"about":[{"href":"https:\/\/remundag.ch\/fr\/wp-json\/wp\/v2\/types\/post"}],"author":[{"embeddable":true,"href":"https:\/\/remundag.ch\/fr\/wp-json\/wp\/v2\/users\/4"}],"replies":[{"embeddable":true,"href":"https:\/\/remundag.ch\/fr\/wp-json\/wp\/v2\/comments?post=10637"}],"version-history":[{"count":3,"href":"https:\/\/remundag.ch\/fr\/wp-json\/wp\/v2\/posts\/10637\/revisions"}],"predecessor-version":[{"id":10642,"href":"https:\/\/remundag.ch\/fr\/wp-json\/wp\/v2\/posts\/10637\/revisions\/10642"}],"wp:featuredmedia":[{"embeddable":true,"href":"https:\/\/remundag.ch\/fr\/wp-json\/wp\/v2\/media\/10641"}],"wp:attachment":[{"href":"https:\/\/remundag.ch\/fr\/wp-json\/wp\/v2\/media?parent=10637"}],"wp:term":[{"taxonomy":"category","embeddable":true,"href":"https:\/\/remundag.ch\/fr\/wp-json\/wp\/v2\/categories?post=10637"},{"taxonomy":"post_tag","embeddable":true,"href":"https:\/\/remundag.ch\/fr\/wp-json\/wp\/v2\/tags?post=10637"}],"curies":[{"name":"wp","href":"https:\/\/api.w.org\/{rel}","templated":true}]}}