{"id":10416,"date":"2023-08-18T14:21:15","date_gmt":"2023-08-18T12:21:15","guid":{"rendered":"https:\/\/remundag.ch\/?p=10416"},"modified":"2024-05-17T14:40:12","modified_gmt":"2024-05-17T12:40:12","slug":"farbigste-s-bahn-im-zvv-gebiet","status":"publish","type":"post","link":"https:\/\/remundag.ch\/fr\/2023\/08\/18\/farbigste-s-bahn-im-zvv-gebiet\/","title":{"rendered":"Le RER le plus color\u00e9 de la r\u00e9gion ZVV"},"content":{"rendered":"<p>Le RER le plus color\u00e9 circulera pendant les 4 \u00e0 5 prochaines ann\u00e9es sur le r\u00e9seau du RER zurichois dans la r\u00e9gion ZVV. Nous lui souhaitons bonne route !<\/p>\n\n\n\n<p>Insgesamt 1&#8217;100m2 Folien hat die Remund-Crew in \u00fcber 540 Arbeitsstunden akkurat verklebt und die Komposition der S-Bahn in ein wahres Kunstwerk gewandelt.<\/p>\n\n\n\n<figure class=\"wp-block-embed is-type-video is-provider-youtube wp-block-embed-youtube wp-embed-aspect-16-9 wp-has-aspect-ratio\"><div class=\"wp-block-embed__wrapper\">\n<script>document.addEventListener('DOMContentLoaded', function() {(tarteaucitron.job = tarteaucitron.job || []).push('youtube');});<\/script><div class=\"youtube_player\" videoid=\"cstpscVT_vw\" width=\"100%\" height=\"100%\" style=\"height:50vw\" theme=\"light\" rel=\"0\" controls=\"1\" showinfo=\"1\" autoplay=\"0\"><\/div>\n<\/div><figcaption class=\"wp-element-caption\">(Source: ZVV)<\/figcaption><\/figure>","protected":false},"excerpt":{"rendered":"<p>Die farbigste S-Bahn wird f\u00fcr die n\u00e4chsten 4-5 Jahre auf dem Streckennetz der S-Bahn Z\u00fcrich im ZVV Gebiet unterwegs sein. Wir w\u00fcnschen allzeit gute Fahrt! Insgesamt 1&#8217;100m2 Folien hat die Remund-Crew in \u00fcber 540 Arbeitsstunden akkurat verklebt und die Komposition der S-Bahn in ein wahres Kunstwerk gewandelt.<\/p>","protected":false},"author":4,"featured_media":10406,"comment_status":"open","ping_status":"open","sticky":false,"template":"","format":"standard","meta":{"om_disable_all_campaigns":false,"inline_featured_image":false,"_uf_show_specific_survey":0,"_uf_disable_surveys":false,"footnotes":""},"categories":[1],"tags":[],"class_list":["post-10416","post","type-post","status-publish","format-standard","has-post-thumbnail","hentry","category-news-beitraege"],"_links":{"self":[{"href":"https:\/\/remundag.ch\/fr\/wp-json\/wp\/v2\/posts\/10416","targetHints":{"allow":["GET"]}}],"collection":[{"href":"https:\/\/remundag.ch\/fr\/wp-json\/wp\/v2\/posts"}],"about":[{"href":"https:\/\/remundag.ch\/fr\/wp-json\/wp\/v2\/types\/post"}],"author":[{"embeddable":true,"href":"https:\/\/remundag.ch\/fr\/wp-json\/wp\/v2\/users\/4"}],"replies":[{"embeddable":true,"href":"https:\/\/remundag.ch\/fr\/wp-json\/wp\/v2\/comments?post=10416"}],"version-history":[{"count":3,"href":"https:\/\/remundag.ch\/fr\/wp-json\/wp\/v2\/posts\/10416\/revisions"}],"predecessor-version":[{"id":11864,"href":"https:\/\/remundag.ch\/fr\/wp-json\/wp\/v2\/posts\/10416\/revisions\/11864"}],"wp:featuredmedia":[{"embeddable":true,"href":"https:\/\/remundag.ch\/fr\/wp-json\/wp\/v2\/media\/10406"}],"wp:attachment":[{"href":"https:\/\/remundag.ch\/fr\/wp-json\/wp\/v2\/media?parent=10416"}],"wp:term":[{"taxonomy":"category","embeddable":true,"href":"https:\/\/remundag.ch\/fr\/wp-json\/wp\/v2\/categories?post=10416"},{"taxonomy":"post_tag","embeddable":true,"href":"https:\/\/remundag.ch\/fr\/wp-json\/wp\/v2\/tags?post=10416"}],"curies":[{"name":"wp","href":"https:\/\/api.w.org\/{rel}","templated":true}]}}