{"id":10000,"date":"2023-04-30T14:49:13","date_gmt":"2023-04-30T14:49:13","guid":{"rendered":"https:\/\/remundag.ch\/?p=10000"},"modified":"2024-05-17T14:48:27","modified_gmt":"2024-05-17T12:48:27","slug":"rueckblick-tag-der-offenen-tuer","status":"publish","type":"post","link":"https:\/\/remundag.ch\/fr\/2023\/04\/30\/rueckblick-tag-der-offenen-tuer\/","title":{"rendered":"R\u00e9trospective de la journ\u00e9e portes ouvertes"},"content":{"rendered":"<h2 class=\"wp-block-heading\">C'\u00e9tait bien!<\/h2>\n\n\n\n<p>L'\u00e9quipe Remund a organis\u00e9 une journ\u00e9e portes ouvertes tr\u00e8s r\u00e9ussie ! Pr\u00e8s de 800 visiteurs ont fait le tour de la technique publicitaire et de la carrosserie pour regarder par-dessus l'\u00e9paule des sp\u00e9cialistes dans leur m\u00e9tier.<\/p>\n\n\n\n<p>Les serviettes de bain Remund, que les visiteurs pouvaient personnaliser eux-m\u00eames, ont suscit\u00e9 un grand int\u00e9r\u00eat. Le paradis des enfants, avec son ch\u00e2teau gonflable et son pop-corn, a eu l'effet d'un aimant sur les petits visiteurs. Les shows en direct avec la peinture, le car-wrapping et le calibrage ont fait battre plus d'un c\u0153ur.<\/p>\n\n\n\n<p>A la fin de la visite, la direction a invit\u00e9 \u00e0 manger et \u00e0 boire, et la restauration festive a ensuite permis \u00e0 de nombreux invit\u00e9s de terminer la journ\u00e9e et d'assimiler les nombreuses impressions.<\/p>\n\n\n\n<p>Nous vous disons \"MERCI POUR VOTRE VISITE\" - et nous nous r\u00e9jouissons d\u00e9j\u00e0 de la prochaine journ\u00e9e portes ouvertes !<\/p>\n\n\n\n<p><a href=\"https:\/\/remundag.ch\/wp-content\/uploads\/2023\/05\/Beitrag-Murtenbieter.pdf\">Article dans le journal \"Murtenbieter\" (en allemand)<\/a><\/p>","protected":false},"excerpt":{"rendered":"<p>Sch\u00f6n wars! Die Remund Crew blickt auf einen erfolgreichen Tag der offenen T\u00fcr zur\u00fcck! Rund 800 Besuchende haben sich auf den Rundgang durch die Werbetechnik und die Carrosserie begeben, um den Fachkr\u00e4ften bei ihrem Handwerk \u00fcber die Schultern zu schauen. Das Interesse an den Remund-Badet\u00fcchern, welche durch die Besuchenden selber gestaltet werden konnten, war riesig. [&hellip;]<\/p>\n","protected":false},"author":8,"featured_media":3385,"comment_status":"open","ping_status":"open","sticky":false,"template":"","format":"standard","meta":{"om_disable_all_campaigns":false,"inline_featured_image":false,"_uf_show_specific_survey":0,"_uf_disable_surveys":false,"footnotes":""},"categories":[1],"tags":[],"class_list":["post-10000","post","type-post","status-publish","format-standard","has-post-thumbnail","hentry","category-news-beitraege"],"_links":{"self":[{"href":"https:\/\/remundag.ch\/fr\/wp-json\/wp\/v2\/posts\/10000","targetHints":{"allow":["GET"]}}],"collection":[{"href":"https:\/\/remundag.ch\/fr\/wp-json\/wp\/v2\/posts"}],"about":[{"href":"https:\/\/remundag.ch\/fr\/wp-json\/wp\/v2\/types\/post"}],"author":[{"embeddable":true,"href":"https:\/\/remundag.ch\/fr\/wp-json\/wp\/v2\/users\/8"}],"replies":[{"embeddable":true,"href":"https:\/\/remundag.ch\/fr\/wp-json\/wp\/v2\/comments?post=10000"}],"version-history":[{"count":1,"href":"https:\/\/remundag.ch\/fr\/wp-json\/wp\/v2\/posts\/10000\/revisions"}],"predecessor-version":[{"id":10001,"href":"https:\/\/remundag.ch\/fr\/wp-json\/wp\/v2\/posts\/10000\/revisions\/10001"}],"wp:featuredmedia":[{"embeddable":true,"href":"https:\/\/remundag.ch\/fr\/wp-json\/wp\/v2\/media\/3385"}],"wp:attachment":[{"href":"https:\/\/remundag.ch\/fr\/wp-json\/wp\/v2\/media?parent=10000"}],"wp:term":[{"taxonomy":"category","embeddable":true,"href":"https:\/\/remundag.ch\/fr\/wp-json\/wp\/v2\/categories?post=10000"},{"taxonomy":"post_tag","embeddable":true,"href":"https:\/\/remundag.ch\/fr\/wp-json\/wp\/v2\/tags?post=10000"}],"curies":[{"name":"wp","href":"https:\/\/api.w.org\/{rel}","templated":true}]}}